{"id":4426,"date":"2021-05-11T15:12:35","date_gmt":"2021-05-11T14:12:35","guid":{"rendered":"https:\/\/forworld.redemptor.pl\/?p=4426"},"modified":"2021-05-11T15:12:35","modified_gmt":"2021-05-11T14:12:35","slug":"aventura-algo-fortalecido-por-el-tiempo","status":"publish","type":"post","link":"https:\/\/forworld.redemptor.pl\/es\/aventura-algo-fortalecido-por-el-tiempo\/","title":{"rendered":"Aventura: algo fortalecido por el tiempo"},"content":{"rendered":"<h3 style=\"text-align: center;\"><strong>Aventura: algo fortalecido por el tiempo<\/strong><\/h3>\n<p><strong>Hoy habla Dariusz Dudek con Marek Sacha, quien ha trabajado como laico de misionero en Bolivia. <\/strong><\/p>\n<p><strong>Hoy, en Iglesia Cat\u00f3lica para \u00c9l, visitamos un pa\u00eds lejano, ya que nuestro invitado ser\u00e1 Marek Sacha, quien un buen y largo periodo de su vida lo ha dedicado a este pa\u00eds lejano, Bolivia, y concretamente a las misiones en este pa\u00eds. \u00a1Buenas tardes, Marcos! \u00bfQu\u00e9 tal?<\/strong><\/p>\n<p>\u00a1Muy buenas tardes! \u00a1No sab\u00eda que hablabas espa\u00f1ol!<\/p>\n<p><strong>Bueno, esto es m\u00e1s o menos todo lo que soy capaz de pronunciar en espa\u00f1ol, pero tengo que reconocer que esta lengua me gusta mucho y siempre me ha parecido muy agradable cuando la he escuchado o utilizado. Y esta es mi primera pregunta, antes de preguntar c\u00f3mo llegaste a esa tierra boliviana, mi primera pregunta es: \u00bflo echas de menos?<\/strong><\/p>\n<p>No hay d\u00eda en el que m\u00e1s o menos no piense en Bolivia, en ese tiempo, en esas personas, ya que, sobre todo, tengo constante contacto con esa poblaci\u00f3n, pero tambi\u00e9n por los objetos aparentemente prosaicos, souvenirs, cosas que tengo, que todav\u00eda no he enterrado en el fondo de un armario. Tengo que reconocer que ocupan la mayor parte de mi habitaci\u00f3n. Cuando las miro, me vuelven los recuerdos, por lo que lo echo de menos, de esta manera espec\u00edfica, y recuerdo ese tiempo.<\/p>\n<p><strong>Si mal no recuerdo de una conversaci\u00f3n antes de este encuentro, dec\u00edas que en Bolivia pasaste un a\u00f1o y medio. \u00bfCu\u00e1ndo saliste? \u00bfCu\u00e1ndo volviste?<\/strong><\/p>\n<p>Sal\u00ed a finales de noviembre de 2016, y durante unos d\u00edas, antes de llegar a Bolivia, estuve en Espa\u00f1a, para cambiar un poco el clima a algo m\u00e1s c\u00e1lido. Tambi\u00e9n quer\u00eda visitar un cierto lugar importante para m\u00ed, que se llama Torres Ciudad. Es un santuario a la Virgen, a la cual dedic\u00f3 mucho mi patr\u00f3n, Jos\u00e9 Mar\u00eda Escriv\u00e1 de Balaguer, un santo espa\u00f1ol, fundador del Opus Dei. Escrib\u00ed mi trabajo de fin de carrera sobre \u00e9l, concretamente sobre su devoci\u00f3n mariana, por lo que esto fue un acto, por una parte, de agradecimiento y, por otra, una petici\u00f3n para este tiempo que iba a pasar en Bolivia. Cuando iba a salir, no sab\u00eda exactamente por cu\u00e1nto tiempo ir\u00eda. Firm\u00e9 un contrato por un a\u00f1o y fue un contrato preliminar entre la di\u00f3cesis de Tarn\u00f3w, yo, y el obispo de all\u00ed. Ese era el plan, pero \u00bfqu\u00e9 pod\u00eda suceder? No ten\u00eda billete de vuelta, por lo que era lo que se dice un viaje \u201cs\u00f3lo de ida\u201d. Volv\u00ed finalmente en mayo de 2018. El 1 de mayo vol\u00e9 desde Bolivia y llegu\u00e9 aqu\u00ed el 2 de mayo. La historia del viaje es muy larga y, hablando sinceramente, es dif\u00edcil mostrar un momento decisivo. Por primera vez estuve en Bolivia en el a\u00f1o 2012, como seminarista del Seminario de Tarn\u00f3w. Fui all\u00ed para una pr\u00e1ctica de un mes y se puede decir que \u201call\u00ed empez\u00f3 todo\u201d. Y entonces, durante una de las visitas a un pueblo lejano, si mal no recuerdo el pueblo se llamaba Yaguaru, con una bella iglesia franciscana, all\u00ed nos ense\u00f1\u00f3 la iglesia la sacristana. Desgraciadamente, en esta parroquia, en esta iglesia no hab\u00eda un sacerdote estable, que viviera all\u00ed, la atendiera\u2026 s\u00f3lo hab\u00eda un sacerdote misionero que una vez cada cierto tiempo iba all\u00ed. La sacristana, cuando salimos de la iglesia, con l\u00e1grimas en los ojos, dijo que a los habitantes del pueblo les gustar\u00eda tener su propio sacerdote. No uno que viniera (lo que por supuesto les alegra), sino uno que estuviera en este lugar todo el tiempo. Estas palabras me llegaron a lo profundo de la memoria y el coraz\u00f3n, y entonces promet\u00ed que volver\u00eda. \u00a1No sab\u00eda todav\u00eda de qu\u00e9 forma! Tuve que esperar cuatro a\u00f1os para convencerme de que ir\u00eda de nuevo, pero como laico, para tambi\u00e9n ayudar en toda la actividad.<\/p>\n<p><strong>\u00bfC\u00f3mo es ese proceso desde ese \u201cYo quiero ir\u201d a trav\u00e9s de ese \u201c\u00bfa qui\u00e9n he de remitirme?\u201d y \u201c\u00bfqu\u00e9 hacer para firmar ese contrato?\u201d. \u00bfQu\u00e9 significa ese \u201ccontrato\u201d? \u00bfC\u00f3mo es el \u201ccamino formal\u201d de un viaje a la misi\u00f3n para un laico?<\/strong><\/p>\n<p>No estoy del todo seguro de si soy el mejor ejemplo, pues, dado que ya hab\u00eda estado en Bolivia, conoc\u00eda bastante bien la lengua espa\u00f1ola, y pude acelerar este proceso. En una situaci\u00f3n normal, una persona laica va a Varsovia, al Centro de Formaci\u00f3n Misionera, para, durante un a\u00f1o, prepararse para irse al pa\u00eds de misi\u00f3n. Yo, dado que ya en cierto sentido estaba preparado, sobre todo ling\u00fc\u00edsticamente, pude ir directamente a la curia de Tarn\u00f3w, a su sacerdote representante, Krzystof Czermak, que es el responsable para las misiones en la di\u00f3cesis de Tarn\u00f3w, y, tambi\u00e9n, dirigirme al obispo Antoni, de Bolivia, al principio por mail y telef\u00f3nicamente, para establecer el tiempo de mi viaje. Unos meses antes de mi vuelo, vino aqu\u00ed de viaje el obispo Antoni, visit\u00f3 la di\u00f3cesis, a mi familia, y nos encontramos en la curia para hablar y, de esa manera, \u201cponernos de acuerdo\u201d, seguidamente firmamos el contrato, estableciendo que ir\u00eda por un a\u00f1o.<\/p>\n<p><strong>Para m\u00ed, personalmente, y pienso que para muchos de nuestros oyentes y espectadores, un misionero se asocia con un sacerdote o con una religiosa, que predica desde el amb\u00f3n, catequiza, administra los sacramentos, etc. \u00bfpero qu\u00e9 puede hacer un laico en misi\u00f3n?<\/strong><\/p>\n<p>Much\u00edsimo. Quiz\u00e1s, respondiendo a esa pregunta, habr\u00eda que decir aquello que no puede hacer: no administra sacramentos y todo lo que est\u00e1 reservado s\u00f3lo y exclusivamente a los sacerdotes, pero, aparte de eso, puede, como laico, hacer todo lo dem\u00e1s. Yo, yendo a Bolivia, estaba destinado a ayudar al obispo Antoni: fui su secretario, conductor, cuidador de todas las casas, del obispado, de la catedral; junto con las hermanas, era responsable tambi\u00e9n de la catedral, trabaj\u00e9 en la curia, en la cual est\u00e1bamos tres personas: el obispo, la secretaria de Bolivia y yo. Y en el llamado \u201centretiempo\u201d restauramos tambi\u00e9n diez habitaciones en nuestra casa para alquilarlas y tener algo del dinero para el mantenimiento. Por lo que respecta a la fe, yo siempre dec\u00eda que puede que yo fuera a ense\u00f1arles algo a los bolivianos, pero en realidad siempre volv\u00eda con algo aprendido de ellos. Alguien podr\u00eda ir y s\u00f3lo querer ense\u00f1ar, lo que es comprensible, pero eso no es del todo la base misionera o cristiana, pues tambi\u00e9n debemos aprender y debemos aprender de aquellos a quienes evangelizamos, pues a pesar de que su fe sea m\u00e1s reciente que la nuestra (desde el puno de vista hist\u00f3rico) para nada significa eso que sea m\u00e1s pobre o peor. Reconozco que su fe a veces me dejaba sin aliento; a veces me qued\u00e9 positivamente sorprendido, pero tambi\u00e9n a veces negativamente, pues basta que, por ejemplo, lloviera y ellos no fueran a la iglesia en multitud, como cuando hac\u00eda bueno. Ven\u00edan gente de fe fuerte, con principios, pero cuando ve\u00edan que llov\u00eda fuerte, ya no ven\u00edan a la misa.<\/p>\n<p><strong>Has mencionado los sue\u00f1os, las dificultades, y ciertos esfuerzos que implican un viaje\u2026 Este es una descripci\u00f3n ideal de una aventura. Pienso que la palabra \u201caventura\u201d no est\u00e1 muy alejada de la palabra \u201chombre\u201d. \u00bfQu\u00e9 piensas? \u00bfUn hombre necesita aventuras?<\/strong><\/p>\n<p>Desde luego depende de cada hombre, pues hay algunos que se quedan sentados en el sof\u00e1 toda su vida y no se mueven. Yo soy una persona muy activa, puede que ahora el coronavirus me haya limitado un poco. Yo no soy capaz de estar sentado en un lugar por mucho tiempo y pienso que precisamente el hombre, mirando la historia, fue responsable de la b\u00fasqueda de alimento, del cuidado de la familia, etc., en sus genes y sangre est\u00e1 este aspecto de aventura. Merece la pena reconocer qu\u00e9 aventura es esta: si se trata de turismo o de una aventura de Dios a nivel religioso.<\/p>\n<p><strong>Vuelvo de nuevo a la cuesti\u00f3n de los sue\u00f1os, pues este es un tema muy importante y esencial para m\u00ed. \u00bfC\u00f3mo escuchar los propios sue\u00f1os? \u00bfC\u00f3mo o\u00edrlos? \u00bfC\u00f3mo llegar a lo que yace en lo profundo del coraz\u00f3n del hombre?<\/strong><\/p>\n<p>Tiempo. Pienso que el tiempo es la mejor respuesta. Lo mejor que me dijo el obispo en 2014, cuando estaba \u201cen caliente\u201d, siendo un chico joven, y dec\u00eda que ya quer\u00eda quedarme as\u00ed, fue: \u201cDate tiempo. Piensa, reflexiona y, por supuesto, de rodillas, y habla con la gente, con la familia sobre todo, y descubre si \u00e9ste es tu sue\u00f1o, si es lo que anhelas\u201d. Un deseo temporal de satisfacer una aventura, pero escrita con min\u00fasculas. Pero, hablando de esa Aventura, con may\u00fasculas, hay que afirmar que es algo que fortalece, confirmado por el tiempo. Si dura m\u00e1s de un d\u00eda, m\u00e1s de una semana, eso da la seguridad de ser veraz. El tiempo es un concepto relativo y para uno basta un mes para reflexionar, y otro necesita diez a\u00f1os para convencerse de algo, y con esto me refiero a todo: el camino de la vida, el trabajo\u2026 pero si el alg\u00fan lugar profundo del coraz\u00f3n sabes y est\u00e1s seguro de que de todas las formas humanas has pensado y analizado los datos (a veces merece la pena escribir en un papel los pros y contras\u2026 yo personalmente no lo hice, pero pienso que mi cabeza lo hizo, un poco inconscientemente). Si est\u00e1s tranquilo y sigues estando convencido de que quieres hacerlo y que esto es (m\u00e1s o menos) un verdadero deseo, pues hablamos precisamente de estos deseos, entonces Dios te bendecir\u00e1 en todo, pues es su voz en el interior la que debemos escuchar.<\/p>\n<p><strong>\u00bfY qu\u00e9 aconsejar\u00edas a alguien que siente en el coraz\u00f3n ese deseo de arriesgarse e ir lejos de misi\u00f3n?<\/strong><\/p>\n<p>Si est\u00e1s libre, si tu salud te lo permite, as\u00ed como toda tu situaci\u00f3n vital, entonces ve. \u00a1No lo pienses! Yo fui y no me arrepiento. Si no hubiera ido, de seguro no hubieran sucedido muchas cosas: en primer lugar, no estar\u00edamos hablando aqu\u00ed; y en segundo, eso no me hubiera dado nunca tranquilidad.<\/p>\n<p>Por supuesto, no todos te van a aplaudir. Tambi\u00e9n yo tuve un periodo duro con la familia cercana, pues no es una decisi\u00f3n f\u00e1cil irse a un pa\u00eds peligroso, por lo que les llev\u00f3 tiempo aceptarlo y estar de acuerdo. Durante un largo tiempo, incluso durante mi estancia, fue duro; sin embargo, vieron que yo mismo lo viv\u00eda con paz y que era verdaderamente una experiencia profunda. Tuvieron que aceptarlo. Por lo que no hay que desanimase si alguien te dice: \u201c\u00a1\u00bfPero qu\u00e9 est\u00e1s haciendo?!\u201d. De seguro aparecen algunas personas que dir\u00e1n: \u201cNo desperdicies tu vida de esa manera\u201d, \u201cEso no tiene sentido\u201d, \u201cPero si tienes trabajo\u201d, etc. Yo ten\u00eda trabajo, pero una voz interior, si no se cumple, va a permanecer, y ser\u00e1 dif\u00edcil acallarla con cualquier cosa despu\u00e9s, sobre todo con cosas materiales, por lo que si hay una voz en ti, recon\u00f3cela, m\u00e1s tarde habla con una persona responsable y atr\u00e9vete, pues de verdad merece la pena. Una persona que vuelve de la misi\u00f3n vuelve transformada, aprendida, pues todo viaje abre los ojos. Y lo hace sobre todo viajar a pa\u00edses pobres, a situaciones donde hay dificultad\u2026 de repente uno valora tambi\u00e9n lo que tenemos aqu\u00ed. Volvemos y miramos de otra forma, hablamos diferente con la gente, ponemos la atenci\u00f3n en otras cosas. De un viaje misionero, aparte de alguna bacteria o virus que podamos traer con nosotros, volvemos sola y exclusivamente enriquecidos, esta es mi opini\u00f3n.<\/p>\n<p><strong>Te agradezco mucho tu testimonio, tu historia de aventura en Bolivia y todo este tiempo que has pasado all\u00ed y por esa alegr\u00eda que hay en ti todo el tiempo, as\u00ed como por estos consejos sobre c\u00f3mo buscar, encontrar y realizar el propio deseo que hay en cada uno de nosotros, en cada hombre, y que Dios lo ha inculcado ah\u00ed. Gracias de coraz\u00f3n por estar con nosotros, por vernos y escucharnos. Os invitamos a suscribiros a nuestro canal de YouTube y a seguirnos en Facebook y en Instagram. Nos vemos en los siguientes v\u00eddeos de Iglesia Cat\u00f3lica para \u00c9l. <\/strong><\/p>\n","protected":false},"excerpt":{"rendered":"<p>Aventura: algo fortalecido por el tiempo Hoy habla Dariusz Dudek con Marek Sacha, quien ha trabajado como laico de misionero en Bolivia. Hoy, en Iglesia Cat\u00f3lica para \u00c9l, visitamos un pa\u00eds lejano, ya que nuestro invitado ser\u00e1 Marek Sacha, quien un buen y largo periodo de su vida lo ha dedicado a este pa\u00eds lejano, [&hellip;]<\/p>\n","protected":false},"author":5,"featured_media":4417,"comment_status":"closed","ping_status":"open","sticky":false,"template":"","format":"standard","meta":{"_acf_changed":false,"footnotes":""},"categories":[66],"tags":[],"class_list":["post-4426","post","type-post","status-publish","format-standard","has-post-thumbnail","hentry","category-iglesia-catolica-para-el"],"acf":[],"_links":{"self":[{"href":"https:\/\/forworld.redemptor.pl\/es\/wp-json\/wp\/v2\/posts\/4426"}],"collection":[{"href":"https:\/\/forworld.redemptor.pl\/es\/wp-json\/wp\/v2\/posts"}],"about":[{"href":"https:\/\/forworld.redemptor.pl\/es\/wp-json\/wp\/v2\/types\/post"}],"author":[{"embeddable":true,"href":"https:\/\/forworld.redemptor.pl\/es\/wp-json\/wp\/v2\/users\/5"}],"replies":[{"embeddable":true,"href":"https:\/\/forworld.redemptor.pl\/es\/wp-json\/wp\/v2\/comments?post=4426"}],"version-history":[{"count":1,"href":"https:\/\/forworld.redemptor.pl\/es\/wp-json\/wp\/v2\/posts\/4426\/revisions"}],"predecessor-version":[{"id":4427,"href":"https:\/\/forworld.redemptor.pl\/es\/wp-json\/wp\/v2\/posts\/4426\/revisions\/4427"}],"wp:featuredmedia":[{"embeddable":true,"href":"https:\/\/forworld.redemptor.pl\/es\/wp-json\/wp\/v2\/media\/4417"}],"wp:attachment":[{"href":"https:\/\/forworld.redemptor.pl\/es\/wp-json\/wp\/v2\/media?parent=4426"}],"wp:term":[{"taxonomy":"category","embeddable":true,"href":"https:\/\/forworld.redemptor.pl\/es\/wp-json\/wp\/v2\/categories?post=4426"},{"taxonomy":"post_tag","embeddable":true,"href":"https:\/\/forworld.redemptor.pl\/es\/wp-json\/wp\/v2\/tags?post=4426"}],"curies":[{"name":"wp","href":"https:\/\/api.w.org\/{rel}","templated":true}]}}