{"id":3436,"date":"2020-11-10T00:00:24","date_gmt":"2020-11-09T23:00:24","guid":{"rendered":"https:\/\/forworld.redemptor.pl\/?p=3436"},"modified":"2020-11-09T17:29:55","modified_gmt":"2020-11-09T16:29:55","slug":"puedo-quiero-y-tengo-que-ser-santo","status":"publish","type":"post","link":"https:\/\/forworld.redemptor.pl\/es\/puedo-quiero-y-tengo-que-ser-santo\/","title":{"rendered":"Puedo, quiero y tengo que ser santo"},"content":{"rendered":"<h3 style=\"text-align: center;\"><strong>Obediencia<br \/>\n<\/strong><strong>Testimonio: Beato Gaspar Stanggassinger \u2013 \u201ePuedo, quiero y tengo que ser santo\u201d<\/strong><\/h3>\n<p>&nbsp;<\/p>\n<p>\u201cPuedo, quiero y tengo que ser santo\u201d. Estas son las palabras del beato Gaspar Stanggassinger, que a menudo repet\u00eda en su vida; se guiaba por ellas y las pon\u00eda en pr\u00e1ctica. El beato Gaspar, cuya memoria lit\u00fargica celebramos el 26 de septiembre, naci\u00f3 en un pintoresco pueblo de los Alpes, en Bavaria, en Berchtesgaden, el 12 de enero de 1871, como el segundo hijo de 16 hermanos. Sus padres eran Gaspar y Crescencia. Su familia era muy numerosa, dedicada a la oraci\u00f3n, al trabajo diario, al servicio a sus pr\u00f3jimos, pero tambi\u00e9n a aquellos con quienes en sociedad y parroquia compart\u00edan vida. \u00bfEra una familia ideal? No. En esta familia hab\u00eda, por supuesto, oraci\u00f3n diaria, respeto com\u00fan, trabajo, adoraci\u00f3n a Dios\u2026 pero tambi\u00e9n hab\u00eda debilidades, como el hecho de que el padre de Gaspar a menudo no estaba en casa y abusaba del alcohol. Su madre era una hija ileg\u00edtima y el propio Gaspar tampoco era ideal. Como ni\u00f1o, en lo que a estudios se refiere, era un poco vago. Sin embargo, podemos decir que puso en pr\u00e1ctica este lema cada d\u00eda: \u201cPuedo, quiero y tengo que ser santo\u201d.<\/p>\n<p>Yo ten\u00eda un gran deseo de ir a los lugares relacionados con la vida y la actividad de nuestro cohermano beato. Este deseo se cumpli\u00f3 cuando, por primera vez, volv\u00ed de vacaciones desde la misi\u00f3n en Bolivia. Entonces, con un cohermano, el p. Kazimierz, fuimos a visitar a nuestros conocidos cercanos a Alemania y, entonces, pude tambi\u00e9n visitar Gars; all\u00ed rec\u00e9 ante las reliquias de Gaspar y tambi\u00e9n recib\u00ed de manos del superior de aquella comunidad una reliquia del beato, que siempre llevo conmigo. El retrato, que se encuentra aqu\u00ed de fondo, fue pintado para m\u00ed en Tupiza, Bolivia, por una joven artista ya difunta de nuestra parroquia. Deseaba que este cuadro me acompa\u00f1ara. En el a\u00f1o 2000, justo tras esta visita a Gars, cuando volv\u00eda a Bolivia, el padre provincial, Gerard Weisbeck, me pidi\u00f3 que fuera el maestro del seminario de Santa Cruz.<\/p>\n<p>Hablando del beato Gaspar, me gustar\u00eda referirme a uno de sus pensamientos. Como sabemos, Gaspar anhelaba mucho, tras la ordenaci\u00f3n, ir a Brasil para ser misionero y anunciar la sobreabundante redenci\u00f3n a la gente de all\u00ed. Pese a ello, los superiores le encargaron el servicio como formador: primero fue el sucesor del director del jovenado en D\u00fcrrnberg, y m\u00e1s tarde\u2026<\/p>\n<p>\u2026fue designado director del jovenado en Gars. Condujo a los j\u00f3venes a ser fieles a su vocaci\u00f3n religiosa y sacerdotal. En su diario espiritual podemos leer sus reflexiones y decisiones de los retiros antes de las ordenaciones sacerdotales, que ten\u00edan lugar desde el 6 al 15 de junio. All\u00ed anotaba, entre otras cosas: \u201cel \u00fanico motivo, que me induce a ordenarme sacerdote es la gloria de Dios y la salvaci\u00f3n de las almas\u201d. \u00c9ste era el objetivo de su vida como redentorista sacerdote. \u00bfC\u00f3mo quer\u00eda lograr este objetivo? \u00c9l lo escribe as\u00ed: \u201cPara lograr este objetivo, conf\u00edo completamente en la santa voluntad de Dios, que se me muestra por medio de mis superiores\u201d, es decir, la obediencia. En los superiores, nuestro beato percibe al mismo Jesucristo y sabe que s\u00f3lo siendo obediente podr\u00e1 lograr este objetivo, es decir, que Dios sea adorado y que la gente se salve. No le interesan los elogios de la gente. Desea \u00fanicamente la gloria de Dios. Tambi\u00e9n dice en su diario que, como sacerdote, siempre dar\u00e1 prioridad a la gente pobre, sencilla, humilde, tanto en la escucha de sus confesiones, como en la predicaci\u00f3n del Evangelio. \u00bfPara qu\u00e9? Para conducirlos hacia el Reino de los Cielos. En sus sermones evitaba vanidades, para as\u00ed predicar la Palabra de Dios y no predicarse a s\u00ed mismo. Preparaba los sermones en la oraci\u00f3n y muy a menudo ante el Sant\u00edsimo Sacramento.<\/p>\n<p>Como coment\u00e9, el principal servicio de su corta vida fue la formaci\u00f3n de los chicos del jovenado. \u00bfC\u00f3mo entend\u00eda la formaci\u00f3n? Cre\u00eda que deb\u00eda ser integral, es decir, abarcar las \u00e1reas ps\u00edquica, intelectual, moral y religiosa. La educaci\u00f3n significa mucho m\u00e1s que aprendizaje y transmisi\u00f3n de conocimientos. Educar en el sentimiento es tan importante como la formaci\u00f3n del entendimiento y el coraz\u00f3n. Sabemos que la formaci\u00f3n es muy importante. La persona bien educada, como dice el beato Gaspar, integralmente, responder\u00e1 plenamente al llamado de Dios y, como pastor, servir\u00e1 a la gente. Toda la educaci\u00f3n debe estar impregnada de religi\u00f3n. Dios, con toda revelaci\u00f3n, ha de impregnar todas las capas y superficies de la vida de la persona. En sus notas aparecen una y otra vez cuatro palabras claves: amor, respeto, libertad y alegr\u00eda.<\/p>\n<p>Amor. Pensaba, y as\u00ed actuaba, que hay que amar a todos del mismo modo, sin hacer distinciones. Intent\u00f3 amar a sus formandos tal y como son, y no como deber\u00edan ser. Por supuesto, los j\u00f3venes le amaban. Sol\u00eda decir: \u201cdedic\u00e1ndose a la formaci\u00f3n, debemos tener una provisi\u00f3n inagotable de indulgencia, paciencia y entrega\u201d. \u00c9stas son caracter\u00edsticas, por las cuales deber\u00eda caracterizarse cualquier educador.<\/p>\n<p>Respeto. La formaci\u00f3n de personas es solo su perfeccionamiento seg\u00fan el plan delimitado por la Providencia divina, por eso\u2026<\/p>\n<p>El formador debe estudiar los dones de la gracia y la naturaleza, para tomarlos en cuenta, ya que la formaci\u00f3n es una obra de variedad interminable. \u201cNada es m\u00e1s perjudicial y peligroso como arrojar a los formandos a un crisol y tratarlos como una fundici\u00f3n uniforme de hierro\u201d, afirmaba el beato Gaspar. El respeto es un derecho fundamental de toda educaci\u00f3n.<\/p>\n<p>Por lo que respecta a la libertad, el respeto tambi\u00e9n incluye el respeto de la libertad. \u201cCon santo temor, dice Gaspar, debe protegerse la libertad del joven\u201d, pues \u00e9ste es una criatura libre, moral y racional, y esto hay que recordarlo. No puede educ\u00e1rsele sin y en contra de su voluntad. Sol\u00eda decir a sus formandos: \u201cDios no quiere de nosotros nada que sea forzado e impuesto por la fuerza, sino aquello que es querido, elegido y se lleva a cabo desde el amor hacia \u00c9l\u201d. Se trata, entonces, de libertad, cuyo fundamento es la verdad sobre el hombre, Dios y el mundo.<\/p>\n<p>Alegr\u00eda. La formaci\u00f3n al estilo que propone el beato Gaspar debe despertar involuntariamente alegr\u00eda en los j\u00f3venes. Uno de sus alumnos dec\u00eda as\u00ed: \u201cNo quiere ver nunca rostros tristes. Los jovenistas deben ser alegres y animados \u2013 con tal de que no se desenfrenen\u201d. Estaba completamente entregado a sus formandos y a la tarea que se le encomend\u00f3. No se preocupaba s\u00f3lo por la formaci\u00f3n religiosa, por el refuerzo de la fe, sino tambi\u00e9n por su condici\u00f3n f\u00edsica. Como turista entusiasta, que desde ni\u00f1o hab\u00eda caminado por las monta\u00f1as, tambi\u00e9n lo fomentaba e iba por las monta\u00f1as con los j\u00f3venes: bien fuera en D\u00fcrrnberg o en Gars a la casa familiar, donde eran recibidos por sus padres y hermanos.<\/p>\n<p>Gaspar no ten\u00eda ningunas herramientas o medios especiales para ser santo. Viv\u00eda con el mismo carisma que todo redentorista. Se inspiraba en los mismos escritos de san Alfonso que nosotros. Se alimentaba del Cuerpo y la Sangre de Cristo, frecuentaba el sacramento de la reconciliaci\u00f3n, meditaba la Palabra de Dios y tambi\u00e9n predicaba esa Palabra. Se preocupaba especialmente de los m\u00e1s pobres.<\/p>\n<p>\u00c9ste es el camino que le dirig\u00eda a Dios, a la santidad. Nosotros tambi\u00e9n tenemos los mismos medios. Aprovech\u00e9moslos, para que alg\u00fan d\u00eda podamos encontrarnos con Gaspar en la casa del Padre. Yo tengo la esperanza de que Gaspar me seguir\u00e1 acompa\u00f1ando en la vida redentorista, en mi servicio como formador y, sobre todo, espero que alg\u00fan d\u00eda nos encontremos cara a cara en la casa del Padre y que all\u00ed hablemos largo y tendido.<\/p>\n<p>&nbsp;<\/p>\n<p style=\"text-align: right;\"><strong>Autor:<\/strong> Adam Ko\u015bla, CSsR<br \/>\n<strong>Traductor:<\/strong> Carlos A. Diego Guti\u00e9rrez, CSsR<\/p>\n","protected":false},"excerpt":{"rendered":"<p>Obediencia Testimonio: Beato Gaspar Stanggassinger \u2013 \u201ePuedo, quiero y tengo que ser santo\u201d &nbsp; \u201cPuedo, quiero y tengo que ser santo\u201d. Estas son las palabras del beato Gaspar Stanggassinger, que a menudo repet\u00eda en su vida; se guiaba por ellas y las pon\u00eda en pr\u00e1ctica. El beato Gaspar, cuya memoria lit\u00fargica celebramos el 26 de [&hellip;]<\/p>\n","protected":false},"author":2,"featured_media":3426,"comment_status":"closed","ping_status":"open","sticky":false,"template":"","format":"standard","meta":{"_acf_changed":false,"footnotes":""},"categories":[17],"tags":[],"class_list":["post-3436","post","type-post","status-publish","format-standard","has-post-thumbnail","hentry","category-testimonio"],"acf":[],"_links":{"self":[{"href":"https:\/\/forworld.redemptor.pl\/es\/wp-json\/wp\/v2\/posts\/3436"}],"collection":[{"href":"https:\/\/forworld.redemptor.pl\/es\/wp-json\/wp\/v2\/posts"}],"about":[{"href":"https:\/\/forworld.redemptor.pl\/es\/wp-json\/wp\/v2\/types\/post"}],"author":[{"embeddable":true,"href":"https:\/\/forworld.redemptor.pl\/es\/wp-json\/wp\/v2\/users\/2"}],"replies":[{"embeddable":true,"href":"https:\/\/forworld.redemptor.pl\/es\/wp-json\/wp\/v2\/comments?post=3436"}],"version-history":[{"count":1,"href":"https:\/\/forworld.redemptor.pl\/es\/wp-json\/wp\/v2\/posts\/3436\/revisions"}],"predecessor-version":[{"id":3437,"href":"https:\/\/forworld.redemptor.pl\/es\/wp-json\/wp\/v2\/posts\/3436\/revisions\/3437"}],"wp:featuredmedia":[{"embeddable":true,"href":"https:\/\/forworld.redemptor.pl\/es\/wp-json\/wp\/v2\/media\/3426"}],"wp:attachment":[{"href":"https:\/\/forworld.redemptor.pl\/es\/wp-json\/wp\/v2\/media?parent=3436"}],"wp:term":[{"taxonomy":"category","embeddable":true,"href":"https:\/\/forworld.redemptor.pl\/es\/wp-json\/wp\/v2\/categories?post=3436"},{"taxonomy":"post_tag","embeddable":true,"href":"https:\/\/forworld.redemptor.pl\/es\/wp-json\/wp\/v2\/tags?post=3436"}],"curies":[{"name":"wp","href":"https:\/\/api.w.org\/{rel}","templated":true}]}}