{"id":2726,"date":"2020-08-18T10:54:08","date_gmt":"2020-08-18T09:54:08","guid":{"rendered":"https:\/\/forworld.redemptor.pl\/otwarte-drzwi-i-otwarte-serca\/"},"modified":"2020-09-07T09:39:49","modified_gmt":"2020-09-07T08:39:49","slug":"otwarte-drzwi-i-otwarte-serca","status":"publish","type":"post","link":"https:\/\/forworld.redemptor.pl\/es\/otwarte-drzwi-i-otwarte-serca\/","title":{"rendered":"Puertas abiertas, corazones abiertos"},"content":{"rendered":"<h3 style=\"text-align: center;\">COMUNIDAD ABIERTA<br \/>\nDisc\u00edpulo: Puertas abiertas, corazones abiertos<\/h3>\n<p><strong>Jos\u00e9<\/strong><br \/>\n\u00a1Buenos d\u00edas! Me llamo Z\u00e9.<\/p>\n<p><strong>Teresa<\/strong><br \/>\n\u00a1Buenos d\u00edas! Yo soy Teresa. Estamos casados. Nacimos hace 31 a\u00f1os en Oporto\u2026<\/p>\n<p><strong>Jos\u00e9<\/strong><br \/>\n\u2026 La ciudad m\u00e1s bonita de Portugal.<\/p>\n<p>Pertenecemos a la familia redentorista desde hace unos a\u00f1os. Yo ten\u00eda 5 a\u00f1os cuando comenc\u00e9 a asistir a la iglesia de los redentoristas.<\/p>\n<p><strong>Teresa<\/strong><br \/>\nEn mi caso fue un poco m\u00e1s tarde, pienso que fue con 15 a\u00f1os cuando conoc\u00ed al primer misionero redentorista.<\/p>\n<p><strong>Jos\u00e9<\/strong><br \/>\nAunque nuestros primeros pasos en la fe se dieron en la familia redentorista, esto nos pas\u00f3 a cada uno en diferentes lugares y s\u00f3lo unos a\u00f1os despu\u00e9s se cruzaron nuestros caminos.<\/p>\n<p><strong>Teresa<\/strong><br \/>\nPero ten\u00edamos algo en com\u00fan que nos cautiv\u00f3 en diferentes fases de nuestra vida y que de alguna forma fue importante para sentirnos atra\u00eddos por el carisma redentorista. Este punto en com\u00fan fue una b\u00fasqueda constante por construir contactos comunitarios.<\/p>\n<p><strong>Jos\u00e9<\/strong><br \/>\nAs\u00ed es como crecimos: en contextos comunitarios, alimentados por el carisma redentorista, rodeados por gente de todas las edades que buscan aprender juntos lo que significa ser cristiano y qu\u00e9 es seguir al hombre de Nazaret.<\/p>\n<p><strong>Teresa<\/strong><br \/>\nS\u00ed, estas comunidades est\u00e1n formadas por muchos hombres y mujeres, algunos casados, otros no, algunos con hijos, otros con nietos\u2026 Lo que tienen en com\u00fan es el deseo de vivir del mismo modo que esas primeras comunidades de las que nos hablan los Hechos de los Ap\u00f3stoles.<\/p>\n<p><strong>Jos\u00e9<\/strong><br \/>\nA lo largo del tiempo, nos dimos cuenta de que estas comunidades abiertas eran un contexto de crecimiento en la fe para sus miembros, mientras que al mismo tiempo alimentaban las propias comunidades religiosas que se hab\u00edan formado.<\/p>\n<p><strong>Teresa<\/strong><br \/>\nY a trav\u00e9s de esta apertura, Jes\u00fas se hac\u00eda presente entre nosotros y, al mismo tiempo, a trav\u00e9s de esta apertura \u00edbamos conociendo el carisma redentorista que lo da a conocer.<\/p>\n<p><strong>Jos\u00e9<\/strong><br \/>\nBueno, esto es s\u00f3lo un poco del comienzo de nuestra historia. Se nos present\u00f3 al Dios de Jes\u00fas a trav\u00e9s del carisma redentorista, y esto inevitablemente model\u00f3 nuestra vida y tambi\u00e9n nos transform\u00f3. A partir de esta base, en los \u00faltimos a\u00f1os de nuestra vida estamos descubriendo de una forma m\u00e1s intensa un camino para dedicar toda nuestra vida a Cristo y a Su misi\u00f3n.<\/p>\n<p><strong>Teresa<\/strong><br \/>\nY el c\u00f3mo hacerlo juntos, como matrimonio.<\/p>\n<p><strong>Jos\u00e9<\/strong><br \/>\nS\u00ed, hemos experimentado que Dios nos llama a la vida misionera, como matrimonio y dentro de la familia redentorista. Y, por supuesto, quer\u00edamos responder.<\/p>\n<p><strong>Teresa<\/strong><br \/>\nAs\u00ed que uno de los peque\u00f1os pasos que dimos fue en 2018 tras un importante periodo de formaci\u00f3n y discernimiento. En noviembre de ese a\u00f1o hicimos un compromiso p\u00fablico como Misioneros Laicos del Sant\u00edsimo Redentor.<\/p>\n<p><strong>Jos\u00e9<\/strong><br \/>\nUn matrimonio misionero. Un matrimonio redentorista.<\/p>\n<p><strong>Teresa<\/strong><br \/>\nCon el tiempo, fuimos comprendiendo verdaderamente que una cosa muy importante para nosotros pasa por no separar nuestra vida en diferentes partes, en diferentes piezas: la del trabajo, la familia, la fe\u2026 Fuimos comprendiendo que ser misionero es una cuesti\u00f3n de identidad. No es una cuesti\u00f3n de lo que hacemos en un determinado momento o lugar, sino aquello que somos.<\/p>\n<p><strong>Jos\u00e9<\/strong><br \/>\nS\u00ed, en el fondo queremos vivir la Vita Apost\u00f3lica, anunciando el Evangelio a los m\u00e1s abandonados, viviendo en contextos comunitarios y trabajando en colaboraci\u00f3n con religiosos y otros laicos asociados. Creemos que, de todos los caminos posibles para cumplir nuestra vocaci\u00f3n, aquel que Dios ha so\u00f1ado para nosotros y con nosotros exige un compromiso m\u00e1s radical con la Misi\u00f3n. Y, en el fondo, lo que hemos intentado hacer es darle espacio para que nos ense\u00f1e c\u00f3mo hacerlo, tanto en el presente como en el futuro.<\/p>\n<p><strong>Teresa<\/strong><br \/>\nEl \u00faltimo a\u00f1o, nuestra vida se hizo itinerante. Iniciamos un proyecto que consiste en visitar comunidades redentoristas por el mundo. Lo que nos movi\u00f3 fue el deseo de conocer m\u00e1s sobre nuestra familia redentorista y compartir las iniciativas misioneras que se llevan a cabo en m\u00e1s de ochenta pa\u00edses donde estamos presentes. Creemos que esto puede ayudarnos a una mayor conciencia y vivencia de la solidaridad misionera, tan necesaria en nuestra Congregaci\u00f3n.<\/p>\n<p><strong>Jos\u00e9<\/strong><br \/>\nA partir de lo que hemos experimentado en Portugal, y de lo que hemos ido conociendo en la Conferencia de Europa y en la Conferencia de Am\u00e9rica del Norte, nos dimos cuenta de que nuestro carisma necesita estar abierto al mundo. No somos una congregaci\u00f3n de monjes, sino una familia de misioneros.<\/p>\n<p><strong>Teresa<\/strong><br \/>\nVimos esto, por ejemplo, en Lviv, Ucrania, en el modo en que las Hermanas Misioneras redentoristas trabajan y viven junto con la comunidad de estudiantes de la Universidad Greco-cat\u00f3lica de Lviv. Ellas viven en el primer piso de la residencia universitaria y a la entrada de la residencia est\u00e1 la capilla comunitaria, situada junto al ascensor, usado por muchos de los estudiantes residentes. La capilla siempre est\u00e1 abierta y disponible para todo el que quiere rezar o simplemente estar en silencio. Estas hermanas nuestras comparten su d\u00eda con aquellos que viven y estudian all\u00ed. Algunas de ellas tambi\u00e9n son compa\u00f1eras de clase. Organizan encuentros de formaci\u00f3n, de compartir, de espiritualidad\u2026 Sobre todo, siempre est\u00e1n disponibles para escuchar, hablar, rezar\u2026 Y hay, en definitiva, una gran familiaridad entre las hermanas y los estudiantes que viven y estudian en la Universidad.<\/p>\n<p><strong>Jos\u00e9<\/strong><br \/>\nEs indudablemente una presencia abierta, una presencia disponible y una presencia muy cercana. Es verdaderamente una misi\u00f3n muy bonita.<\/p>\n<p><strong>Teresa<\/strong><br \/>\nOtros aspectos que llamaron nuestra atenci\u00f3n cuando vimos y conocimos las diferentes iniciativas fue el hecho de que all\u00ed no hay una f\u00f3rmula est\u00e1ndar o un modelo predeterminado para la evangelizaci\u00f3n. En su lugar, el punto de partida para la evangelizaci\u00f3n es la convivencia y di\u00e1logo con todos los hombres y mujeres. Uno de los lugares donde expl\u00edcitamente se da esto es en nuestra comunidad de Gante, B\u00e9lgica.<\/p>\n<p>La falta de f\u00f3rmulas est\u00e1ndar, sino observar los signos de los tiempos, a trav\u00e9s de la convivencia de los hombres y mujeres, llev\u00f3 a una renovaci\u00f3n misionera en ese lugar. Lo que sol\u00eda ser un monasterio viejo, cerrado, con cohermanos sin esperanza, se ha convertido, a trav\u00e9s de la acci\u00f3n del Esp\u00edritu, en un proyecto de puertas abiertas y vigor misionero renovado llamado Clemenspoort. Y es una apertura a todos, independientemente de su raza, color, edad, g\u00e9nero o incluso religi\u00f3n. Tiene lugar en un edificio muy bonito, en el cual uno siente tranquilidad, y donde hay espacio para orar, donde hay espacio para meditar, estudiar o tomar un caf\u00e9, celebrar y ser escuchado.<\/p>\n<p><strong>Jos\u00e9<\/strong><br \/>\nS\u00ed, ser escuchado. Y la verdad es que esta importancia de escuchar nos acompa\u00f1\u00f3 muchas veces en otras conversaciones que hemos tenido con otros misioneros. El ministerio de escuchar es algo que ha estado presente desde nuestros or\u00edgenes, y creemos que, de hecho, es uno de los medios privilegiados para esta apertura al mundo, este di\u00e1logo con todas las personas. Ambos han demostrado ser muy necesarios en la labor de la evangelizaci\u00f3n. Lo curioso es que, durante el a\u00f1o pasado, muchos cohermanos y laicos nos han confesado que ellos tambi\u00e9n sienten la urgencia de una Iglesia as\u00ed, una Iglesia con o\u00eddos abiertos, una Iglesia capaz de una nueva disponibilidad. Una Iglesia capaz de sentarse en torno a una mesa, con una taza de caf\u00e9 en la mano, y para escuchar al mundo. Estas conversaciones fueron un testimonio muy bonito de lo que el Esp\u00edritu inspira entre nosotros.<\/p>\n<p><strong>Jos\u00e9<\/strong><br \/>\nMirando nuestras constituciones y haciendo un puente entre lo que mencion\u00e1bamos al principio de este v\u00eddeo, parece evidente que tenemos la labor de formar comunidades con aquellos a los que somos enviados como misioneros. Cuando pensamos en esto, el ejemplo m\u00e1s inmediato que nos viene a la cabeza es The Welcome Home, en Winnipeg, Canad\u00e1.<\/p>\n<p><strong>Teresa<\/strong><br \/>\nThe Welcome Home es un Proyecto que tiene ya 25 a\u00f1os, y, como su propio nombre indica, es una casa con puertas abiertas para acoger, y preparada para formar una comunidad con los \u00faltimos de la ciudad, particularmente con los pobres.<\/p>\n<p>Esta casa fue so\u00f1ada por algunos religiosos y laicos redentoristas y tiene como pilares fundamentales la Comunidad y la Misi\u00f3n. Actualmente, viven en la casa un cohermano nuestro, un laico y un estudiante redentorista, pero la vida de la casa va de la mano con la comunidad religiosa redentorista, que est\u00e1 justo a unas pocas calles, y con los muchos voluntarios y Laicos Redentoristas Asociados, que creen en este proyecto y se dedican a \u00e9l regularmente.<\/p>\n<p><strong>Jos\u00e9<\/strong><br \/>\nEs una casa con mucha vida. Hay clases de cocina con mujeres y j\u00f3venes, hay ma\u00f1anas de formaci\u00f3n en la fe, hay encuentros de apoyo y acompa\u00f1amiento para gente que est\u00e1 intentando salir de alguna adicci\u00f3n, hay tambi\u00e9n ayuda con comida y bienes b\u00e1sicos para los que atraviesan dificultades econ\u00f3micas en un determinado momento. Hay toda una programaci\u00f3n diaria en la que s\u00f3lo hay una norma: puertas abiertas. Y todos aquellos que busca un hogar lo encuentran all\u00ed. Aqu\u00ed son bienvenidos. Y, por eso, forman una comunidad en la cual unas veces ayudan y otras son ayudados.<\/p>\n<p><strong>Teresa<\/strong><br \/>\n\u00a1Y celebran juntos! No puede ser todos los domingos, pero celebran juntos al menos dos veces al mes.<\/p>\n<p>\u00a1Es sin duda una vida comunitaria muy verdadera!<\/p>\n<p><strong>Jos\u00e9<\/strong><br \/>\nBueno, hemos compartido s\u00f3lo algunos ejemplos de c\u00f3mo nosotros, redentoristas, permanecemos abiertos al mundo, el modo en que intentamos mantener un di\u00e1logo misionero con los hombres y mujeres de hoy, evitando f\u00f3rmulas evangelizadoras, y c\u00f3mo vamos asumiendo la labor de crear comunidades misioneras. La buena noticia es que estamos convencidos de que en los m\u00e1s de los 80 pa\u00edses en que estamos presentes, habr\u00e1 todav\u00eda muchas m\u00e1s historias que contar, as\u00ed como tambi\u00e9n m\u00e1s desaf\u00edos.<\/p>\n<p><strong>Teresa<\/strong><br \/>\nSeguimos buscando una fidelidad a nuestro carisma, sabiendo que nuestro Maestro es Jes\u00fas y que el Esp\u00edritu contin\u00faa llam\u00e1ndonos a anunciar la Abundante Redenci\u00f3n de nuestro Dios.<\/p>\n<p>\u00a1Y vamos juntos!<\/p>\n<p style=\"text-align: right;\"><strong>Autores<\/strong>: Teresa Ascens\u00e3o y Jos\u00e9 Silva Oliveira<br \/>\n<strong>Traducci\u00f3n<\/strong>: Carlos A. Diego Guti\u00e9rrez, CSsR<\/p>\n<p>&nbsp;<\/p>\n<hr \/>\n<div class=\"rl-gallery-container rl-loading\" id=\"rl-gallery-container-1\" data-gallery_id=\"2888\"> <div class=\"rl-gallery rl-basicgrid-gallery rl-hover-effect-2 rl-hover-icon-2\" id=\"rl-gallery-1\" data-gallery_no=\"1\"> <div class=\"rl-gallery-item\"><a href=\"https:\/\/forworld.redemptor.pl\/wp-content\/uploads\/2020\/09\/otwarte-drzwi-18.jpg\" title=\"\" data-rl_title=\"\" class=\"rl-gallery-link\" data-rl_caption=\"\" data-rel=\"lightbox-gallery-bGlnaHRib3gtZ2FsbGVyeS0x\" data-rl_title=\"\" data-rl_caption=\"\"><img loading=\"lazy\" decoding=\"async\" src=\"https:\/\/forworld.redemptor.pl\/wp-content\/uploads\/2020\/09\/otwarte-drzwi-18-300x225.jpg\" width=\"300\" height=\"225\" alt=\"\"\/><\/a><\/div><div class=\"rl-gallery-item\"><a href=\"https:\/\/forworld.redemptor.pl\/wp-content\/uploads\/2020\/09\/otwarte-drzwi-15.jpg\" title=\"\" data-rl_title=\"\" class=\"rl-gallery-link\" data-rl_caption=\"\" data-rel=\"lightbox-gallery-bGlnaHRib3gtZ2FsbGVyeS0x\" data-rl_title=\"\" data-rl_caption=\"\"><img loading=\"lazy\" decoding=\"async\" src=\"https:\/\/forworld.redemptor.pl\/wp-content\/uploads\/2020\/09\/otwarte-drzwi-15-300x225.jpg\" width=\"300\" height=\"225\" alt=\"\"\/><\/a><\/div><div class=\"rl-gallery-item\"><a href=\"https:\/\/forworld.redemptor.pl\/wp-content\/uploads\/2020\/09\/otwarte-drzwi-14.jpg\" title=\"\" data-rl_title=\"\" class=\"rl-gallery-link\" data-rl_caption=\"\" data-rel=\"lightbox-gallery-bGlnaHRib3gtZ2FsbGVyeS0x\" data-rl_title=\"\" data-rl_caption=\"\"><img loading=\"lazy\" decoding=\"async\" src=\"https:\/\/forworld.redemptor.pl\/wp-content\/uploads\/2020\/09\/otwarte-drzwi-14-300x225.jpg\" width=\"300\" height=\"225\" alt=\"\"\/><\/a><\/div><div class=\"rl-gallery-item\"><a href=\"https:\/\/forworld.redemptor.pl\/wp-content\/uploads\/2020\/09\/otwarte-drzwi-12.jpg\" title=\"\" data-rl_title=\"\" class=\"rl-gallery-link\" data-rl_caption=\"\" data-rel=\"lightbox-gallery-bGlnaHRib3gtZ2FsbGVyeS0x\" data-rl_title=\"\" data-rl_caption=\"\"><img loading=\"lazy\" decoding=\"async\" src=\"https:\/\/forworld.redemptor.pl\/wp-content\/uploads\/2020\/09\/otwarte-drzwi-12-300x225.jpg\" width=\"300\" height=\"225\" alt=\"\"\/><\/a><\/div><div class=\"rl-gallery-item\"><a href=\"https:\/\/forworld.redemptor.pl\/wp-content\/uploads\/2020\/09\/otwarte-drzwi-10.jpg\" title=\"\" data-rl_title=\"\" class=\"rl-gallery-link\" data-rl_caption=\"\" data-rel=\"lightbox-gallery-bGlnaHRib3gtZ2FsbGVyeS0x\" data-rl_title=\"\" data-rl_caption=\"\"><img loading=\"lazy\" decoding=\"async\" src=\"https:\/\/forworld.redemptor.pl\/wp-content\/uploads\/2020\/09\/otwarte-drzwi-10-300x225.jpg\" width=\"300\" height=\"225\" alt=\"\"\/><\/a><\/div><div class=\"rl-gallery-item\"><a href=\"https:\/\/forworld.redemptor.pl\/wp-content\/uploads\/2020\/09\/otwarte-drzwi-8.jpg\" title=\"\" data-rl_title=\"\" class=\"rl-gallery-link\" data-rl_caption=\"\" data-rel=\"lightbox-gallery-bGlnaHRib3gtZ2FsbGVyeS0x\" data-rl_title=\"\" data-rl_caption=\"\"><img loading=\"lazy\" decoding=\"async\" src=\"https:\/\/forworld.redemptor.pl\/wp-content\/uploads\/2020\/09\/otwarte-drzwi-8-300x225.jpg\" width=\"300\" height=\"225\" alt=\"\"\/><\/a><\/div><div class=\"rl-gallery-item\"><a href=\"https:\/\/forworld.redemptor.pl\/wp-content\/uploads\/2020\/09\/otwarte-drzwi-6.jpg\" title=\"\" data-rl_title=\"\" class=\"rl-gallery-link\" data-rl_caption=\"\" data-rel=\"lightbox-gallery-bGlnaHRib3gtZ2FsbGVyeS0x\" data-rl_title=\"\" data-rl_caption=\"\"><img loading=\"lazy\" decoding=\"async\" src=\"https:\/\/forworld.redemptor.pl\/wp-content\/uploads\/2020\/09\/otwarte-drzwi-6-300x225.jpg\" width=\"300\" height=\"225\" alt=\"\"\/><\/a><\/div><div class=\"rl-gallery-item\"><a href=\"https:\/\/forworld.redemptor.pl\/wp-content\/uploads\/2020\/09\/otwarte-drzwi-4.jpg\" title=\"\" data-rl_title=\"\" class=\"rl-gallery-link\" data-rl_caption=\"\" data-rel=\"lightbox-gallery-bGlnaHRib3gtZ2FsbGVyeS0x\" data-rl_title=\"\" data-rl_caption=\"\"><img loading=\"lazy\" decoding=\"async\" src=\"https:\/\/forworld.redemptor.pl\/wp-content\/uploads\/2020\/09\/otwarte-drzwi-4-300x225.jpg\" width=\"300\" height=\"225\" alt=\"\"\/><\/a><\/div><div class=\"rl-gallery-item\"><a href=\"https:\/\/forworld.redemptor.pl\/wp-content\/uploads\/2020\/09\/otwarte-drzwi-3.jpg\" title=\"\" data-rl_title=\"\" class=\"rl-gallery-link\" data-rl_caption=\"\" data-rel=\"lightbox-gallery-bGlnaHRib3gtZ2FsbGVyeS0x\" data-rl_title=\"\" data-rl_caption=\"\"><img loading=\"lazy\" decoding=\"async\" src=\"https:\/\/forworld.redemptor.pl\/wp-content\/uploads\/2020\/09\/otwarte-drzwi-3-300x225.jpg\" width=\"300\" height=\"225\" alt=\"\"\/><\/a><\/div><div class=\"rl-gallery-item\"><a href=\"https:\/\/forworld.redemptor.pl\/wp-content\/uploads\/2020\/09\/otwarte-drzwi-1.jpg\" title=\"\" data-rl_title=\"\" class=\"rl-gallery-link\" data-rl_caption=\"\" data-rel=\"lightbox-gallery-bGlnaHRib3gtZ2FsbGVyeS0x\" data-rl_title=\"\" data-rl_caption=\"\"><img loading=\"lazy\" decoding=\"async\" src=\"https:\/\/forworld.redemptor.pl\/wp-content\/uploads\/2020\/09\/otwarte-drzwi-1-300x225.jpg\" width=\"300\" height=\"225\" alt=\"\"\/><\/a><\/div><div class=\"rl-gallery-item\"><a href=\"https:\/\/forworld.redemptor.pl\/wp-content\/uploads\/2020\/09\/otwarte-drzwi-19-rotated.jpg\" title=\"\" data-rl_title=\"\" class=\"rl-gallery-link\" data-rl_caption=\"\" data-rel=\"lightbox-gallery-bGlnaHRib3gtZ2FsbGVyeS0x\" data-rl_title=\"\" data-rl_caption=\"\"><img loading=\"lazy\" decoding=\"async\" src=\"https:\/\/forworld.redemptor.pl\/wp-content\/uploads\/2020\/09\/otwarte-drzwi-19-225x300.jpg\" width=\"225\" height=\"300\" alt=\"\"\/><\/a><\/div><div class=\"rl-gallery-item\"><a href=\"https:\/\/forworld.redemptor.pl\/wp-content\/uploads\/2020\/09\/otwarte-drzwi-17.jpg\" title=\"\" data-rl_title=\"\" class=\"rl-gallery-link\" data-rl_caption=\"\" data-rel=\"lightbox-gallery-bGlnaHRib3gtZ2FsbGVyeS0x\" data-rl_title=\"\" data-rl_caption=\"\"><img loading=\"lazy\" decoding=\"async\" src=\"https:\/\/forworld.redemptor.pl\/wp-content\/uploads\/2020\/09\/otwarte-drzwi-17-169x300.jpg\" width=\"169\" height=\"300\" alt=\"\"\/><\/a><\/div><div class=\"rl-gallery-item\"><a href=\"https:\/\/forworld.redemptor.pl\/wp-content\/uploads\/2020\/09\/otwarte-drzwi-16-rotated.jpg\" title=\"\" data-rl_title=\"\" class=\"rl-gallery-link\" data-rl_caption=\"\" data-rel=\"lightbox-gallery-bGlnaHRib3gtZ2FsbGVyeS0x\" data-rl_title=\"\" data-rl_caption=\"\"><img loading=\"lazy\" decoding=\"async\" src=\"https:\/\/forworld.redemptor.pl\/wp-content\/uploads\/2020\/09\/otwarte-drzwi-16-225x300.jpg\" width=\"225\" height=\"300\" alt=\"\"\/><\/a><\/div><div class=\"rl-gallery-item\"><a href=\"https:\/\/forworld.redemptor.pl\/wp-content\/uploads\/2020\/09\/otwarte-drzwi-13-rotated.jpg\" title=\"\" data-rl_title=\"\" class=\"rl-gallery-link\" data-rl_caption=\"\" data-rel=\"lightbox-gallery-bGlnaHRib3gtZ2FsbGVyeS0x\" data-rl_title=\"\" data-rl_caption=\"\"><img loading=\"lazy\" decoding=\"async\" src=\"https:\/\/forworld.redemptor.pl\/wp-content\/uploads\/2020\/09\/otwarte-drzwi-13-225x300.jpg\" width=\"225\" height=\"300\" alt=\"\"\/><\/a><\/div><div class=\"rl-gallery-item\"><a href=\"https:\/\/forworld.redemptor.pl\/wp-content\/uploads\/2020\/09\/otwarte-drzwi-11-rotated.jpg\" title=\"\" data-rl_title=\"\" class=\"rl-gallery-link\" data-rl_caption=\"\" data-rel=\"lightbox-gallery-bGlnaHRib3gtZ2FsbGVyeS0x\" data-rl_title=\"\" data-rl_caption=\"\"><img loading=\"lazy\" decoding=\"async\" src=\"https:\/\/forworld.redemptor.pl\/wp-content\/uploads\/2020\/09\/otwarte-drzwi-11-225x300.jpg\" width=\"225\" height=\"300\" alt=\"\"\/><\/a><\/div><div class=\"rl-gallery-item\"><a href=\"https:\/\/forworld.redemptor.pl\/wp-content\/uploads\/2020\/09\/otwarte-drzwi-7-rotated.jpg\" title=\"\" data-rl_title=\"\" class=\"rl-gallery-link\" data-rl_caption=\"\" data-rel=\"lightbox-gallery-bGlnaHRib3gtZ2FsbGVyeS0x\" data-rl_title=\"\" data-rl_caption=\"\"><img loading=\"lazy\" decoding=\"async\" src=\"https:\/\/forworld.redemptor.pl\/wp-content\/uploads\/2020\/09\/otwarte-drzwi-7-225x300.jpg\" width=\"225\" height=\"300\" alt=\"\"\/><\/a><\/div><div class=\"rl-gallery-item\"><a href=\"https:\/\/forworld.redemptor.pl\/wp-content\/uploads\/2020\/09\/otwarte-drzwi-2-rotated.jpg\" title=\"\" data-rl_title=\"\" class=\"rl-gallery-link\" data-rl_caption=\"\" data-rel=\"lightbox-gallery-bGlnaHRib3gtZ2FsbGVyeS0x\" data-rl_title=\"\" data-rl_caption=\"\"><img loading=\"lazy\" decoding=\"async\" src=\"https:\/\/forworld.redemptor.pl\/wp-content\/uploads\/2020\/09\/otwarte-drzwi-2-225x300.jpg\" width=\"225\" height=\"300\" alt=\"\"\/><\/a><\/div><div class=\"rl-gallery-item\"><a href=\"https:\/\/forworld.redemptor.pl\/wp-content\/uploads\/2020\/09\/otwarte-drzwi-9-rotated.jpg\" title=\"\" data-rl_title=\"\" class=\"rl-gallery-link\" data-rl_caption=\"\" data-rel=\"lightbox-gallery-bGlnaHRib3gtZ2FsbGVyeS0x\" data-rl_title=\"\" data-rl_caption=\"\"><img loading=\"lazy\" decoding=\"async\" src=\"https:\/\/forworld.redemptor.pl\/wp-content\/uploads\/2020\/09\/otwarte-drzwi-9-225x300.jpg\" width=\"225\" height=\"300\" alt=\"\"\/><\/a><\/div><div class=\"rl-gallery-item\"><a href=\"https:\/\/forworld.redemptor.pl\/wp-content\/uploads\/2020\/09\/otwarte-drzwi-5-rotated.jpg\" title=\"\" data-rl_title=\"\" class=\"rl-gallery-link\" data-rl_caption=\"\" data-rel=\"lightbox-gallery-bGlnaHRib3gtZ2FsbGVyeS0x\" data-rl_title=\"\" data-rl_caption=\"\"><img loading=\"lazy\" decoding=\"async\" src=\"https:\/\/forworld.redemptor.pl\/wp-content\/uploads\/2020\/09\/otwarte-drzwi-5-225x300.jpg\" width=\"225\" height=\"300\" alt=\"\"\/><\/a><\/div> <\/div> <\/div>\n","protected":false},"excerpt":{"rendered":"<p>COMUNIDAD ABIERTA Disc\u00edpulo: Puertas abiertas, corazones abiertos Jos\u00e9 \u00a1Buenos d\u00edas! Me llamo Z\u00e9. Teresa \u00a1Buenos d\u00edas! Yo soy Teresa. Estamos casados. Nacimos hace 31 a\u00f1os en Oporto\u2026 Jos\u00e9 \u2026 La ciudad m\u00e1s bonita de Portugal. Pertenecemos a la familia redentorista desde hace unos a\u00f1os. Yo ten\u00eda 5 a\u00f1os cuando comenc\u00e9 a asistir a la iglesia [&hellip;]<\/p>\n","protected":false},"author":2,"featured_media":2688,"comment_status":"closed","ping_status":"open","sticky":false,"template":"","format":"standard","meta":{"_acf_changed":false,"footnotes":""},"categories":[18],"tags":[],"class_list":["post-2726","post","type-post","status-publish","format-standard","has-post-thumbnail","hentry","category-discipulo"],"acf":[],"_links":{"self":[{"href":"https:\/\/forworld.redemptor.pl\/es\/wp-json\/wp\/v2\/posts\/2726"}],"collection":[{"href":"https:\/\/forworld.redemptor.pl\/es\/wp-json\/wp\/v2\/posts"}],"about":[{"href":"https:\/\/forworld.redemptor.pl\/es\/wp-json\/wp\/v2\/types\/post"}],"author":[{"embeddable":true,"href":"https:\/\/forworld.redemptor.pl\/es\/wp-json\/wp\/v2\/users\/2"}],"replies":[{"embeddable":true,"href":"https:\/\/forworld.redemptor.pl\/es\/wp-json\/wp\/v2\/comments?post=2726"}],"version-history":[{"count":3,"href":"https:\/\/forworld.redemptor.pl\/es\/wp-json\/wp\/v2\/posts\/2726\/revisions"}],"predecessor-version":[{"id":2889,"href":"https:\/\/forworld.redemptor.pl\/es\/wp-json\/wp\/v2\/posts\/2726\/revisions\/2889"}],"wp:featuredmedia":[{"embeddable":true,"href":"https:\/\/forworld.redemptor.pl\/es\/wp-json\/wp\/v2\/media\/2688"}],"wp:attachment":[{"href":"https:\/\/forworld.redemptor.pl\/es\/wp-json\/wp\/v2\/media?parent=2726"}],"wp:term":[{"taxonomy":"category","embeddable":true,"href":"https:\/\/forworld.redemptor.pl\/es\/wp-json\/wp\/v2\/categories?post=2726"},{"taxonomy":"post_tag","embeddable":true,"href":"https:\/\/forworld.redemptor.pl\/es\/wp-json\/wp\/v2\/tags?post=2726"}],"curies":[{"name":"wp","href":"https:\/\/api.w.org\/{rel}","templated":true}]}}