{"id":2546,"date":"2020-07-31T15:00:45","date_gmt":"2020-07-31T14:00:45","guid":{"rendered":"https:\/\/forworld.redemptor.pl\/?p=2546"},"modified":"2021-03-24T10:49:28","modified_gmt":"2021-03-24T09:49:28","slug":"fuente-y-culmen-9-rito-de-conclusion","status":"publish","type":"post","link":"https:\/\/forworld.redemptor.pl\/es\/fuente-y-culmen-9-rito-de-conclusion\/","title":{"rendered":"Fuente y Culmen #9 &#8211; Rito de conclus\u00edon"},"content":{"rendered":"<h3 style=\"text-align: center;\"><strong>Fuente y Culmen #9 &#8211; Rito de conclus\u00edon<\/strong><\/h3>\n<p>&nbsp;<\/p>\n<p>\u00a1Amigos!<\/p>\n<p>Estamos ante la \u00faltima parte de nuestra explicaci\u00f3n, aclaraci\u00f3n, o profundizaci\u00f3n para ser conscientes de la Eucarist\u00eda y nuestra participaci\u00f3n este Sacrificio Santo. Se acerca el momento de la bendici\u00f3n de Dios en el camino, el momento del env\u00edo.<\/p>\n<p>Antes de continuar, normalmente los sacerdotes, los ministros, los p\u00e1rrocos y vicarios, nos leen los avisos parroquiales, dando informaci\u00f3n de la vida de la iglesia, de aquello que ocurrir\u00e1. Esto es importante. Es bueno que nos quedemos en misa hasta el final. Entre comillas: \u201cno nos escapamos antes\u201d, antes de la bendici\u00f3n. Es muy importante que estemos hasta el final, que esperemos realmente hasta la bendici\u00f3n final y el momento de env\u00edo. La misa tiene en s\u00ed una extraordinaria din\u00e1mica. Mirad que el sacerdote que preside nos env\u00eda en el nombre del propio Dios. Lo hace desde la sede, desde aqu\u00ed donde me encuentro, en este lugar de nuestra capilla. El sacerdote puede hacerlo, por supuesto, desde el altar, pero fundamentalmente lo hace desde la sede. Es bueno si realmente recibimos con dignidad la bendici\u00f3n de Dios para el camino. Es un poco como una madre y un padre que env\u00edan a sus hijos, d\u00e1ndoles la bendici\u00f3n. Es como cuando lo hac\u00edan nuestros abuelos y bisabuelos. Hoy no es tan com\u00fan, aunque vuelve esta costumbre de bendecir a los ni\u00f1os para el camino. Vamos de otra manera en la vida cuando nos bendicen, cuando nos desean la felicidad, pues esta bendici\u00f3n de veras es un deseo de felicidad. Que Dios vaya contigo. Con la bendici\u00f3n de Dios ve al mundo, el cual no es f\u00e1cil, en el cual seguramente hay muchas tentaciones, de un tipo u otro. Podemos estar realmente seguros o felices si somos conscientes de que conmigo va Dios, quien me habla, quien habla a mi coraz\u00f3n, que me alimenta con su cuerpo, su sant\u00edsima sangre. Ahora me bendice, para el camino, para mi vida. Es un momento incre\u00edblemente importante, muy din\u00e1mico. No acabamos la misa en el momento del env\u00edo.<\/p>\n<p>Puede decirse que es precisamente ahora cuando comienza esta segunda parte de nuestra vida con la Eucarist\u00eda, si realmente vivimos el encuentro con Jes\u00fas seriamente, o si nos dejamos tocar por Jes\u00fas. Ahora tenemos que ser testigos de aquello que ha ocurrido aqu\u00ed, tenemos que dar testimonio de nuestra vida, de que verdaderamente creemos, que confiamos, que Jes\u00fas realmente nos indica el camino preciso. Mirad que ya en este momento no s\u00f3lo las palabras son importantes, sino que es de gran importancia el testimonio de Jesucristo. Volvemos transformados. Volvemos siendo otros a nuestras casas, a nuestras familias, a nuestros trabajos.<\/p>\n<p>Damos testimonio expreso. Nuestra vida ahora es testimonio de esta experiencia, de este encuentro con el Dios vivo. Qu\u00e9 importante es que cada uno de nosotros recibamos esta bendici\u00f3n de dios para este testimonio. El sacerdote nos bendice en nombre del Padre, y del Hijo y del Esp\u00edritu Santo. Y as\u00ed como comenz\u00e1bamos la Eucarist\u00eda, con el signo de la cruz, as\u00ed ahora la terminamos con el signo de la cruz y recibimos la bendici\u00f3n de Dios. El sacerdote nos dice: <em>Pod\u00e9is ir en paz. <\/em><\/p>\n<p>Id, no os qued\u00e9is parados. Id al mundo. No tem\u00e1is al mundo, sino transformadlo, que sea bello. Este mundo es como es, pero cada uno de nosotros puede hacerlo bello. \u00a1Cada uno! Es importante que nos comprometamos con esta transformaci\u00f3n del mundo. Esto me recuerda la historia de la vida de santa Teresa de Calcuta. Cuando uno periodista le pregunt\u00f3: <em>Madre, \u00bfpuede este mundo ser mejor?<\/em> Ella respondi\u00f3: <em>Yo pienso que si yo soy mejor, y t\u00fa eres mejor, entonces el mundo ser\u00e1 mejor<\/em>. Me imagino ahora: Esto todav\u00eda es costumbre en muchas familias polacas, sobre todo en algunas regiones de Polonia, pero si nosotros ahora, tras la Eucarist\u00eda dominical o de alguna festividad, tras esta celebraci\u00f3n en la iglesia en comunidad, volvemos a casa llenos de Dios, entonces nuestro mundo puede ser mejor. Ahora por supuesto os invito, queridos, a que cuid\u00e9is de la participaci\u00f3n comunitaria en la Eucarist\u00eda dominical.<\/p>\n<p>No es los ni\u00f1os por un lado, los j\u00f3venes por otro, los mayores por otro. Juntos, comunitariamente, como familia. Como aquellos que son testigos de que Dios nos bendice. Vayamos juntos si hay esa posibilidad. A veces por diversas causas no la hay, pero vayamos juntos en comunidad. Y mirad: si se puede celebrar en casa, guardar el domingo con la familia, para vosotros, ser\u00eda maravilloso; se podr\u00eda extender esta celebraci\u00f3n desde la iglesia a nuestras casas, a nuestras familias, las cuales se convierten en cen\u00e1culos dom\u00e9sticos. All\u00ed seguimos celebrando el estar con Dios. No dejamos de lado a Dios. Nuestro Dios no es Dios s\u00f3lo en la iglesia. Nuestro Dios es Dios en todas partes. All\u00e1 donde vayamos, vamos con Dios. Os pido afectuosamente que se\u00e1is conscientes de esto: somos transformados, alimentados. Cristo no indica el camino y ahora vamos por la vida con su bendici\u00f3n. Que \u00c9l nos acompa\u00f1e. Que nos acompa\u00f1e esta consciencia de que en este camino de la vida no estamos solos.<\/p>\n<p>Estas han sido unas reflexiones simples y catequizadoras; quiz\u00e1s haya habido en ellas algo de predicaci\u00f3n, pero todo para que fueran vivas, para que no estuvieran tan vac\u00edas, para que la letra no estuviera muerta. Amigos, tenemos un gran regalo y el misterio de la Eucarist\u00eda. Tenemos que aprovechar este misterio de la Eucarist\u00eda lo m\u00e1s frecuentemente posible, para que este misterio nos transforme, para que haga de nosotros gente hermosa. Para finalizar, unas palabras del p\u00e1rroco de Ars, Jean Vianney, que una vez dijo esta frase: <em>si al final conoci\u00e9ramos los misterios de la Eucarist\u00eda y el sacerdocio, entonces tendr\u00edamos que morir<\/em>.<\/p>\n<p>Morir no de miedo, sino de admiraci\u00f3n. \u00bfSomos capaces de admirar este misterio? De seguro en gran medida depende de nosotros, pero amemos la Eucarist\u00eda, amemos a Cristo en la Eucarist\u00eda, amemos este misterio de presencia viva de Dios en el Sagrario. \u00c9l est\u00e1 con nosotros. Ador\u00e9mosle. Intentemos poner la mirada en \u00c9l, y nuestra vida, por su gracia, ser\u00e1 mejor. Esto os deseo con todo el coraz\u00f3n. Que Dios os bendiga.<\/p>\n","protected":false},"excerpt":{"rendered":"<p>Fuente y Culmen #9 &#8211; Rito de conclus\u00edon &nbsp; \u00a1Amigos! Estamos ante la \u00faltima parte de nuestra explicaci\u00f3n, aclaraci\u00f3n, o profundizaci\u00f3n para ser conscientes de la Eucarist\u00eda y nuestra participaci\u00f3n este Sacrificio Santo. Se acerca el momento de la bendici\u00f3n de Dios en el camino, el momento del env\u00edo. Antes de continuar, normalmente los sacerdotes, [&hellip;]<\/p>\n","protected":false},"author":2,"featured_media":2529,"comment_status":"closed","ping_status":"open","sticky":false,"template":"","format":"standard","meta":{"_acf_changed":false,"footnotes":""},"categories":[44],"tags":[],"class_list":["post-2546","post","type-post","status-publish","format-standard","has-post-thumbnail","hentry","category-fuente-y-culmen"],"acf":[],"_links":{"self":[{"href":"https:\/\/forworld.redemptor.pl\/es\/wp-json\/wp\/v2\/posts\/2546"}],"collection":[{"href":"https:\/\/forworld.redemptor.pl\/es\/wp-json\/wp\/v2\/posts"}],"about":[{"href":"https:\/\/forworld.redemptor.pl\/es\/wp-json\/wp\/v2\/types\/post"}],"author":[{"embeddable":true,"href":"https:\/\/forworld.redemptor.pl\/es\/wp-json\/wp\/v2\/users\/2"}],"replies":[{"embeddable":true,"href":"https:\/\/forworld.redemptor.pl\/es\/wp-json\/wp\/v2\/comments?post=2546"}],"version-history":[{"count":2,"href":"https:\/\/forworld.redemptor.pl\/es\/wp-json\/wp\/v2\/posts\/2546\/revisions"}],"predecessor-version":[{"id":2548,"href":"https:\/\/forworld.redemptor.pl\/es\/wp-json\/wp\/v2\/posts\/2546\/revisions\/2548"}],"wp:featuredmedia":[{"embeddable":true,"href":"https:\/\/forworld.redemptor.pl\/es\/wp-json\/wp\/v2\/media\/2529"}],"wp:attachment":[{"href":"https:\/\/forworld.redemptor.pl\/es\/wp-json\/wp\/v2\/media?parent=2546"}],"wp:term":[{"taxonomy":"category","embeddable":true,"href":"https:\/\/forworld.redemptor.pl\/es\/wp-json\/wp\/v2\/categories?post=2546"},{"taxonomy":"post_tag","embeddable":true,"href":"https:\/\/forworld.redemptor.pl\/es\/wp-json\/wp\/v2\/tags?post=2546"}],"curies":[{"name":"wp","href":"https:\/\/api.w.org\/{rel}","templated":true}]}}