{"id":1809,"date":"2020-05-19T00:00:48","date_gmt":"2020-05-18T23:00:48","guid":{"rendered":"https:\/\/forworld.redemptor.pl\/?p=1809"},"modified":"2020-05-19T07:38:46","modified_gmt":"2020-05-19T06:38:46","slug":"una-mision-que-da-sentido-a-la-vida","status":"publish","type":"post","link":"https:\/\/forworld.redemptor.pl\/es\/una-mision-que-da-sentido-a-la-vida\/","title":{"rendered":"Una misi\u00f3n que da sentido a la vida"},"content":{"rendered":"<h3 style=\"text-align: center;\"><b>La presencia de Cristo en la Comunidad<br \/>\n<\/b><b>Disc\u00edpulo: Una misi\u00f3n que da sentido a la vida<\/b><\/h3>\n<p><b>Testimonio de Lena<\/b><\/p>\n<p><span style=\"font-weight: 400;\">Hola. Me llamo Lena Darbinian. Conozco a los redentoristas desde hace tiempo, m\u00e1s de veinte a\u00f1os. Colaboro con ellos pr\u00e1cticamente todo el tiempo y les ayudo en diferentes labores. Al principio ayudaba al padre Dariusz Paszy\u0144ski, quien aqu\u00ed, en Orsk, construy\u00f3 la iglesia y la casa parroquial. Estoy muy feliz de haber trabajado todo este tiempo con los padres. Me han aportado mucho desde que era una adolescente; ahora puedo recoger los frutos de este cuidado; las semillas, que ellos sembraron en m\u00ed, puedo entreg\u00e1rselas a mis hijos. Tengo cinco hijos, de los cuales cuatro son monaguillos, tambi\u00e9n ellos me ayudan hoy en los oficios.\u00a0<\/span><\/p>\n<p><span style=\"font-weight: 400;\">Continuamente ayudo a los redentoristas, actualmente en un centro para menores que ayuda a los ni\u00f1os y a las familias que se encuentran en situaciones de vida dif\u00edciles.\u00a0<\/span><\/p>\n<p><span style=\"font-weight: 400;\">Puedo retraerme un poco al pasado, cuando apenas comenzaba a trabajar en la parroquia, y en ella estaban los padres Dariusz Paszy\u0144ski, Pawe\u0142 Jurkowski y Jan G\u0142\u00f3wczyk. Ellos fueron los que me mostraron por primera vez toda la esencia de la Congregaci\u00f3n de los Redentoristas. Me familiarizaron con todos sus cohermanos, con la persona del fundador de la Congregaci\u00f3n, con la historia de c\u00f3mo cruzaron los Alpes y llegaron aqu\u00ed, a Rusia, y m\u00e1s all\u00e1, c\u00f3mo llevaron a cabo su misi\u00f3n\u2026\u00a0<\/span><\/p>\n<p><span style=\"font-weight: 400;\">En el transcurso de estos a\u00f1os, pude observar y convencerme de que los padres, con su vida, daban testimonio de aquello que quer\u00eda san Alfonso Liguori.\u00a0<\/span><\/p>\n<p><span style=\"font-weight: 400;\">\u00bfEn qu\u00e9 ayudaba a los padres? El padre Pawe\u0142 Jurkowski editaba por aquel entonces la revista \u201cClemente\u201d, yo era su secretaria. Ayudaba tambi\u00e9n a organizar los cursos diocesanos de catequistas y en la construcci\u00f3n de la iglesia. B\u00e1sicamente intentaba ayudar en todo lo que hac\u00edan los padres. Cada tarea que recib\u00eda, la aceptaba con gusto. Servir tan activamente en su trabajo me produc\u00eda alegr\u00eda. Estaba sorprendida de con qu\u00e9 entusiasmo y con cu\u00e1nta fe los padres llevaban el Evangelio a la gente, y de manera tan desinteresada.\u00a0<\/span><\/p>\n<p><span style=\"font-weight: 400;\">Los padres que llegaron recientemente a Orsk (Pawe\u0142 Mroczek y Waldemar Warzy\u0144ski) sirven a la gente de un modo realmente abnegado y le llevan a Cristo. Esto es lo m\u00e1s importante de su vida. Es inspirador, conmovedor y beneficioso. Mi coraz\u00f3n y mi alma se conmueven al ver sus brazos abiertos que quieren llevar a Cristo a la gente. Y yo participo en todo ello. Esto me ayuda a dar a conocer a Cristo a mi familia, a mis hijos. Esto les ense\u00f1o, les ayudo a descubrir a Dios.\u00a0<\/span><\/p>\n<p><span style=\"font-weight: 400;\">Me alegro mucho de que en mi vida durante todos estos a\u00f1os estuvieran estos padres, que me ayudaron, me formaron y ahora forman a mis hijos y a toda mi familia. Estoy muy orgullosa y agradecida por todos los padres, por todo lo que me han dado personalmente a m\u00ed, a nuestra parroquia y a toda la gente. \u00a1Much\u00edsimas gracias!<\/span><\/p>\n<p>&nbsp;<\/p>\n<p><b>Testimonio de Bohum\u00edr<\/b><\/p>\n<p><span style=\"font-weight: 400;\">Buenos d\u00edas. Me llamo Bohumir \u017div\u010d\u00e1k. Me encuentro en la iglesia de los redentoristas de Podoliniec. Podoliniec es un peque\u00f1o pueblo de las monta\u00f1as de Eslovaquia. He decidido dar este testimonio en esta iglesia porque es muy importante en mi historia. Cuando era ni\u00f1o, sol\u00eda pasar por esta iglesia vac\u00eda y pensaba: \u201c\u00bfQu\u00e9 ser\u00e1 este edificio?\u201d. Esto fue durante el r\u00e9gimen comunista y la iglesia estaba cerrada. El monasterio estaba pr\u00e1cticamente destruido, deteriorado, casi en ruinas. M\u00e1s tarde descubr\u00ed que esto sol\u00eda ser un campo de concentraci\u00f3n para monjes y monjas, casi ochocientos. En 1950, se los tom\u00f3 de diferentes monasterios de la antigua Checoslovaquia, con el objetivo de destruir a la Iglesia. Pero cuando yo era ni\u00f1o, el monasterio ya estaba vac\u00edo, por lo que me preguntaba si volver\u00eda a tener vida.\u00a0\u00a0<\/span><\/p>\n<p><span style=\"font-weight: 400;\">Cuando ten\u00eda 13 a\u00f1os, un joven, mayor que yo, me llam\u00f3 cuando iba en bici al pueblo y me pregunt\u00f3 si me gustar\u00eda unirme a un peque\u00f1o grupo. Todo se hac\u00eda en secreto. La Iglesia era clandestina en esa \u00e9poca, y yo no sab\u00eda que este joven era el padre Michael Zamkowski, redentorista, un redentorista secreto ordenado en Polonia. Entonces, lo que hicimos, en un peque\u00f1o grupo de cinco, seis personas, era reunirnos cada semana durante muchos a\u00f1os haciendo retiros en el bosque. Pens\u00e1bamos que nuestra vida iba a ser as\u00ed, luchando contra el r\u00e9gimen, algo as\u00ed como una guerra de guerrillas. Pero entonces, tras la revoluci\u00f3n de 1989, la situaci\u00f3n cambi\u00f3 repentinamente y los redentoristas pudieron volver al monasterio.\u00a0<\/span><\/p>\n<p><span style=\"font-weight: 400;\">Por aquel entonces, mi futura esposa y yo pens\u00e1bamos en casarnos y sobre qu\u00e9 deber\u00edamos hacer en la vida. Sent\u00edamos que Dios nos estaba llamando a involucrarnos en la vida de la iglesia, en la pastoral. Pero no hab\u00eda modo de que un laico se involucrase. Los redentoristas tambi\u00e9n intentaron encontrar su modo en esta nueva situaci\u00f3n, porque hab\u00edan estado viviendo separados y ahora eran capaces de volver a juntarse en sus comunidades. Decidimos intentar ayudar y empezamos por la reconstrucci\u00f3n del monasterio, trabajando manualmente, y poco a poco tratando de continuar nuestra labor con los j\u00f3venes en las misiones. Creamos un peque\u00f1o equipo misionero en torno a los redentoristas y reiniciamos, despu\u00e9s de muchos a\u00f1os, las misiones parroquiales que se convirtieron en la pastoral que ahora es bien conocida en todo el pa\u00eds.\u00a0<\/span><\/p>\n<p><span style=\"font-weight: 400;\">Al trabajar internacionalmente con otros grupos, tambi\u00e9n nos involucramos en las misiones extranjeras, la mayor\u00eda en los pa\u00edses post-comunistas pero tambi\u00e9n en Asia: Kazakst\u00e1n, Turkmenist\u00e1n, Kirguizist\u00e1n, en \u00c1frica, en Europa occidental, en Estados Unidos y Canad\u00e1.\u00a0<\/span><\/p>\n<p><span style=\"font-weight: 400;\">As\u00ed, desde este lugar tan peque\u00f1o, Dios se ha servido de nosotros como misioneros en diferentes partes del mundo, y los redentoristas son parte de ello, porque ellos lo crearon, ellos crearon un espacio, un lugar, para nosotros. Justo ahora, la comunidad, llamada \u201cComunidad R\u00edo de Vida\u201d es una comunidad de 56 adultos, laicos, que est\u00e1n involucrados y comprometidos con las misiones aqu\u00ed en el pa\u00eds, y fuera de \u00e9l. Nuestra vida, entonces, est\u00e1 muy conectada con los redentoristas en el d\u00eda a d\u00eda, y pr\u00e1cticamente trabajamos juntos en todo lo que hacemos. As\u00ed, se convierte en mi vida, en mi alegr\u00eda, en mi tiempo libre, no s\u00f3lo para m\u00ed y mi mujer, sino tambi\u00e9n para nuestros hijos (dos de ellos son ya adultos, por lo que ya est\u00e1n involucrados en la comunidad y en las misiones).\u00a0<\/span><\/p>\n<p><span style=\"font-weight: 400;\">Pues esta es mi vida, y esta es nuestra experiencia aqu\u00ed, en Eslovaquia, con los redentoristas. Hemos aprendido que podemos hacer cosas juntos y que hacer cosas juntos da incluso un testimonio mayor para la gente a la que servimos.\u00a0<\/span><\/p>\n<p>&nbsp;<\/p>\n<p><b>Testimonio de Antonio<\/b><\/p>\n<p><span style=\"font-weight: 400;\">\u00a1Hola, muy buenas! Me llamo Antonio Yrizar. Tengo 34 a\u00f1os y pertenezco a la Parroquia del Perpetuo Socorro de Madrid. Bueno, por contar un poco por d\u00f3nde empez\u00f3 mi experiencia con los redentoristas, empez\u00f3 de manera muy natural. Empez\u00f3 cuando era ni\u00f1o, despu\u00e9s de la comuni\u00f3n, que yo hice en mi colegio, y empez\u00f3 participando de los diferentes grupos de la parroquia por edad: empec\u00e9 en postcomuni\u00f3n, segu\u00ed por juveniles, confirmaci\u00f3n, catequista de confirmaci\u00f3n, grupo de j\u00f3venes, etc. Por supuesto, participando de encuentros y convivencias, de la misi\u00f3n del Espino, y participando activamente con la Asociaci\u00f3n para la Solidaridad, el canal solidario de la provincia de Madrid, donde adem\u00e1s de irme de voluntario, he estado tambi\u00e9n en la Junta Permanente durante a\u00f1os como Secretario.\u00a0<\/span><\/p>\n<p><span style=\"font-weight: 400;\">El caso es que mi relaci\u00f3n con los redentoristas ha sido, como he dicho, natural. Ha ido vinculada a mi desarrollo y ha sido muy \u00fatil en las diferentes etapas de mi vida, tanto desde ni\u00f1o, donde te permite tener otro grupo de amigos, un ambiente en el que se habla de otras cosas, como m\u00e1s joven en el que empiezas tambi\u00e9n a descubrir el mundo con una perspectiva diferente y con el Evangelio presente en tu vida; como ahora, incluso, donde estoy acompa\u00f1ando el grupo de J\u00f3venes Adultos, llamado Scalini, j\u00f3venes entre 25 y 35 a\u00f1os en esta etapa en la que est\u00e1n empezando a trabajar y empiezan a cambiar los compromisos y tienen menos tiempo, pues tambi\u00e9n intentamos sacar un tiempo en el que hablar de cosas relacionadas con el Evangelio y con nuestra fe.\u00a0<\/span><\/p>\n<p><span style=\"font-weight: 400;\">B\u00e1sicamente eso, el mayor valor que yo dir\u00eda es que el carisma ha sido capaz de acompa\u00f1arme durante toda mi vida. Ha sido capaz de darme una visi\u00f3n diferente a la que el resto de la sociedad normalmente da, y ha sido capaz de fomentar y hacer m\u00e1s fuertes los valores cristianos en mi vida y, cuando a veces se me ha olvidado, me lo ha recordado; y cuando he necesitado un consejo, una ayuda, siempre he encontrado quien me la diera. Adem\u00e1s me ha ayudado mucho toda la labor con Asociaci\u00f3n para la Solidaridad, que me parece una rama fundamental de la Provincia Redentorista de Madrid. Me ha permitido ver redentoristas de todo el mundo, diferentes formas de entender el carisma y me ha permitido conocer lo grande y lo variado que es el ambiente redentorista y la familia redentorista en toda su amplitud, como digo, no s\u00f3lo los religiosos profesos, sino tambi\u00e9n las religiosas, las comunidades laicas, los grupos de pastoral social\u2026 much\u00edsima gente que est\u00e1 alrededor de los redentoristas y que ha conseguido darme una visi\u00f3n muy interesante de lo que es el carisma redentorista en el mundo.\u00a0<\/span><\/p>\n<p><span style=\"font-weight: 400;\">As\u00ed que nada b\u00e1sicamente esta es mi experiencia. Ahora mismo estoy sobre todo colaborando con este grupo, pero deseando y contento de colaborar en el resto de las etapas de mi vida, puesto que ha sido muy interesante y muy enriquecedor, al menos hasta ahora, desde luego, as\u00ed que as\u00ed pretendo que siga siendo as\u00ed. Muchas gracias por todo y seguimos en contacto. \u00a1Hasta luego!<\/span><\/p>\n<p style=\"text-align: right;\"><strong>Autores:<\/strong> <span style=\"font-weight: 400;\">Lena Darbinian<\/span><span style=\"font-weight: 400;\">, <\/span><span style=\"font-weight: 400;\">Bohum\u00edr \u017div\u010d\u00e1k,\u00a0 Antonio Yrizar<\/span><br \/>\n<strong>Traductor:<\/strong>\u00a0Carlos A. Diego Guti\u00e9rrez CSsR<\/p>\n","protected":false},"excerpt":{"rendered":"<p>La presencia de Cristo en la Comunidad Disc\u00edpulo: Una misi\u00f3n que da sentido a la vida Testimonio de Lena Hola. Me llamo Lena Darbinian. Conozco a los redentoristas desde hace tiempo, m\u00e1s de veinte a\u00f1os. Colaboro con ellos pr\u00e1cticamente todo el tiempo y les ayudo en diferentes labores. Al principio ayudaba al padre Dariusz Paszy\u0144ski, [&hellip;]<\/p>\n","protected":false},"author":2,"featured_media":1789,"comment_status":"closed","ping_status":"open","sticky":false,"template":"","format":"standard","meta":{"_acf_changed":false,"footnotes":""},"categories":[18],"tags":[],"class_list":["post-1809","post","type-post","status-publish","format-standard","has-post-thumbnail","hentry","category-discipulo"],"acf":[],"_links":{"self":[{"href":"https:\/\/forworld.redemptor.pl\/es\/wp-json\/wp\/v2\/posts\/1809"}],"collection":[{"href":"https:\/\/forworld.redemptor.pl\/es\/wp-json\/wp\/v2\/posts"}],"about":[{"href":"https:\/\/forworld.redemptor.pl\/es\/wp-json\/wp\/v2\/types\/post"}],"author":[{"embeddable":true,"href":"https:\/\/forworld.redemptor.pl\/es\/wp-json\/wp\/v2\/users\/2"}],"replies":[{"embeddable":true,"href":"https:\/\/forworld.redemptor.pl\/es\/wp-json\/wp\/v2\/comments?post=1809"}],"version-history":[{"count":4,"href":"https:\/\/forworld.redemptor.pl\/es\/wp-json\/wp\/v2\/posts\/1809\/revisions"}],"predecessor-version":[{"id":1812,"href":"https:\/\/forworld.redemptor.pl\/es\/wp-json\/wp\/v2\/posts\/1809\/revisions\/1812"}],"wp:featuredmedia":[{"embeddable":true,"href":"https:\/\/forworld.redemptor.pl\/es\/wp-json\/wp\/v2\/media\/1789"}],"wp:attachment":[{"href":"https:\/\/forworld.redemptor.pl\/es\/wp-json\/wp\/v2\/media?parent=1809"}],"wp:term":[{"taxonomy":"category","embeddable":true,"href":"https:\/\/forworld.redemptor.pl\/es\/wp-json\/wp\/v2\/categories?post=1809"},{"taxonomy":"post_tag","embeddable":true,"href":"https:\/\/forworld.redemptor.pl\/es\/wp-json\/wp\/v2\/tags?post=1809"}],"curies":[{"name":"wp","href":"https:\/\/api.w.org\/{rel}","templated":true}]}}