{"id":1517,"date":"2020-04-12T06:00:06","date_gmt":"2020-04-12T05:00:06","guid":{"rendered":"https:\/\/forworld.redemptor.pl\/?p=1517"},"modified":"2020-04-03T18:42:01","modified_gmt":"2020-04-03T17:42:01","slug":"domingo-de-resurreccion","status":"publish","type":"post","link":"https:\/\/forworld.redemptor.pl\/es\/domingo-de-resurreccion\/","title":{"rendered":"Domingo de Resurrecci\u00f3n"},"content":{"rendered":"<h1 style=\"text-align: center;\">Lectura del santo evangelio seg\u00fan san Juan<br \/>\n(J 20, 1-9)<\/h1>\n<h3>El primer d\u00eda de la semana, Mar\u00eda la Magdalena fue al sepulcro al amanecer, cuando a\u00fan estaba oscuro, y vio la losa quitada del sepulcro.<br \/>\nEch\u00f3 a correr y fue donde estaban Sim\u00f3n Pedro y el otro disc\u00edpulo, a quien Jes\u00fas amaba, y les dijo:<br \/>\n\u00abSe han llevado del sepulcro al Se\u00f1or y no sabemos d\u00f3nde lo han puesto\u00bb.<br \/>\nSalieron Pedro y el otro disc\u00edpulo camino del sepulcro. Los dos corr\u00edan juntos, pero el otro disc\u00edpulo corr\u00eda m\u00e1s que Pedro; se adelant\u00f3 y lleg\u00f3 primero al sepulcro; e, inclin\u00e1ndose, vio los lienzos tendidos; pero no entr\u00f3.<br \/>\nLleg\u00f3 tambi\u00e9n Sim\u00f3n Pedro detr\u00e1s de \u00e9l y entr\u00f3 en el sepulcro: vio los lienzos tendidos y el sudario con que le hab\u00edan cubierto la cabeza, no con los lienzos, sino enrollado en un sitio aparte.<br \/>\nEntonces entr\u00f3 tambi\u00e9n el otro disc\u00edpulo, el que hab\u00eda llegado primero al sepulcro; vio y crey\u00f3.<br \/>\nPues hasta entonces no hab\u00edan entendido la Escritura: que \u00e9l hab\u00eda de resucitar de entre los muertos.<\/h3>\n","protected":false},"excerpt":{"rendered":"<p>Lectura del santo evangelio seg\u00fan san Juan (J 20, 1-9) El primer d\u00eda de la semana, Mar\u00eda la Magdalena fue al sepulcro al amanecer, cuando a\u00fan estaba oscuro, y vio la losa quitada del sepulcro. Ech\u00f3 a correr y fue donde estaban Sim\u00f3n Pedro y el otro disc\u00edpulo, a quien Jes\u00fas amaba, y les dijo: [&hellip;]<\/p>\n","protected":false},"author":2,"featured_media":1345,"comment_status":"closed","ping_status":"open","sticky":false,"template":"","format":"standard","meta":{"_acf_changed":false,"footnotes":""},"categories":[32],"tags":[],"class_list":["post-1517","post","type-post","status-publish","format-standard","has-post-thumbnail","hentry","category-palabra"],"acf":[],"_links":{"self":[{"href":"https:\/\/forworld.redemptor.pl\/es\/wp-json\/wp\/v2\/posts\/1517"}],"collection":[{"href":"https:\/\/forworld.redemptor.pl\/es\/wp-json\/wp\/v2\/posts"}],"about":[{"href":"https:\/\/forworld.redemptor.pl\/es\/wp-json\/wp\/v2\/types\/post"}],"author":[{"embeddable":true,"href":"https:\/\/forworld.redemptor.pl\/es\/wp-json\/wp\/v2\/users\/2"}],"replies":[{"embeddable":true,"href":"https:\/\/forworld.redemptor.pl\/es\/wp-json\/wp\/v2\/comments?post=1517"}],"version-history":[{"count":1,"href":"https:\/\/forworld.redemptor.pl\/es\/wp-json\/wp\/v2\/posts\/1517\/revisions"}],"predecessor-version":[{"id":1519,"href":"https:\/\/forworld.redemptor.pl\/es\/wp-json\/wp\/v2\/posts\/1517\/revisions\/1519"}],"wp:featuredmedia":[{"embeddable":true,"href":"https:\/\/forworld.redemptor.pl\/es\/wp-json\/wp\/v2\/media\/1345"}],"wp:attachment":[{"href":"https:\/\/forworld.redemptor.pl\/es\/wp-json\/wp\/v2\/media?parent=1517"}],"wp:term":[{"taxonomy":"category","embeddable":true,"href":"https:\/\/forworld.redemptor.pl\/es\/wp-json\/wp\/v2\/categories?post=1517"},{"taxonomy":"post_tag","embeddable":true,"href":"https:\/\/forworld.redemptor.pl\/es\/wp-json\/wp\/v2\/tags?post=1517"}],"curies":[{"name":"wp","href":"https:\/\/api.w.org\/{rel}","templated":true}]}}