{"id":1483,"date":"2020-04-06T06:00:13","date_gmt":"2020-04-06T05:00:13","guid":{"rendered":"https:\/\/forworld.redemptor.pl\/?p=1483"},"modified":"2020-04-03T18:05:17","modified_gmt":"2020-04-03T17:05:17","slug":"lunes-santo","status":"publish","type":"post","link":"https:\/\/forworld.redemptor.pl\/es\/lunes-santo\/","title":{"rendered":"Lunes Santo"},"content":{"rendered":"<h1 style=\"text-align: center;\"><b>Lectura del santo evangelio seg\u00fan san Juan<br \/>\n(12,1-11)<\/b><\/h1>\n<h4>Seis d\u00edas antes de la Pascua, fue Jes\u00fas a Betania, donde viv\u00eda L\u00e1zaro, a quien hab\u00eda resucitado de entre los muertos. All\u00ed le ofrecieron una cena; Marta serv\u00eda, y L\u00e1zaro era uno de los que estaban con \u00e9l a la mesa. Mar\u00eda tom\u00f3 una libra de perfume de nardo, aut\u00e9ntico y costoso, le ungi\u00f3 a Jes\u00fas los pies y se los enjug\u00f3 con su cabellera. Y la casa se llen\u00f3 de la fragancia del perfume.<br \/>\nJudas Iscariote, uno de sus disc\u00edpulos, el que lo iba a entregar, dice:<br \/>\n\u00ab\u00bfPor qu\u00e9 no se ha vendido este perfume por trescientos denarios para d\u00e1rselos a los pobres?\u00bb.<br \/>\nEsto lo dijo, no porque le importasen los pobres, sino porque era un ladr\u00f3n; y como ten\u00eda la bolsa, se llevaba de lo que iban echando.<br \/>\nJes\u00fas dijo: &#8211; \u00abD\u00e9jala; lo ten\u00eda guardado para el d\u00eda de mi sepultura; porque a los pobres los ten\u00e9is siempre con vosotros, pero a m\u00ed no siempre me ten\u00e9is\u00bb.<br \/>\nUna muchedumbre de jud\u00edos se enter\u00f3 de que estaba all\u00ed y fueron, no s\u00f3lo por Jes\u00fas, sino tambi\u00e9n para ver a L\u00e1zaro, al que hab\u00eda resucitado de entre los muertos.<br \/>\nLos sumos sacerdotes decidieron matar tambi\u00e9n a L\u00e1zaro, porque muchos jud\u00edos, por su causa, se les iban y cre\u00edan en Jes\u00fas.<\/h4>\n","protected":false},"excerpt":{"rendered":"<p>Lectura del santo evangelio seg\u00fan san Juan (12,1-11) Seis d\u00edas antes de la Pascua, fue Jes\u00fas a Betania, donde viv\u00eda L\u00e1zaro, a quien hab\u00eda resucitado de entre los muertos. All\u00ed le ofrecieron una cena; Marta serv\u00eda, y L\u00e1zaro era uno de los que estaban con \u00e9l a la mesa. Mar\u00eda tom\u00f3 una libra de perfume [&hellip;]<\/p>\n","protected":false},"author":2,"featured_media":1327,"comment_status":"closed","ping_status":"open","sticky":false,"template":"","format":"standard","meta":{"_acf_changed":false,"footnotes":""},"categories":[32],"tags":[],"class_list":["post-1483","post","type-post","status-publish","format-standard","has-post-thumbnail","hentry","category-palabra"],"acf":[],"_links":{"self":[{"href":"https:\/\/forworld.redemptor.pl\/es\/wp-json\/wp\/v2\/posts\/1483"}],"collection":[{"href":"https:\/\/forworld.redemptor.pl\/es\/wp-json\/wp\/v2\/posts"}],"about":[{"href":"https:\/\/forworld.redemptor.pl\/es\/wp-json\/wp\/v2\/types\/post"}],"author":[{"embeddable":true,"href":"https:\/\/forworld.redemptor.pl\/es\/wp-json\/wp\/v2\/users\/2"}],"replies":[{"embeddable":true,"href":"https:\/\/forworld.redemptor.pl\/es\/wp-json\/wp\/v2\/comments?post=1483"}],"version-history":[{"count":2,"href":"https:\/\/forworld.redemptor.pl\/es\/wp-json\/wp\/v2\/posts\/1483\/revisions"}],"predecessor-version":[{"id":1485,"href":"https:\/\/forworld.redemptor.pl\/es\/wp-json\/wp\/v2\/posts\/1483\/revisions\/1485"}],"wp:featuredmedia":[{"embeddable":true,"href":"https:\/\/forworld.redemptor.pl\/es\/wp-json\/wp\/v2\/media\/1327"}],"wp:attachment":[{"href":"https:\/\/forworld.redemptor.pl\/es\/wp-json\/wp\/v2\/media?parent=1483"}],"wp:term":[{"taxonomy":"category","embeddable":true,"href":"https:\/\/forworld.redemptor.pl\/es\/wp-json\/wp\/v2\/categories?post=1483"},{"taxonomy":"post_tag","embeddable":true,"href":"https:\/\/forworld.redemptor.pl\/es\/wp-json\/wp\/v2\/tags?post=1483"}],"curies":[{"name":"wp","href":"https:\/\/api.w.org\/{rel}","templated":true}]}}