{"id":1031,"date":"2020-03-07T17:45:48","date_gmt":"2020-03-07T16:45:48","guid":{"rendered":"https:\/\/forworld.redemptor.pl\/?p=1031"},"modified":"2020-03-18T19:36:40","modified_gmt":"2020-03-18T18:36:40","slug":"domingo-ii-de-cuaresma","status":"publish","type":"post","link":"https:\/\/forworld.redemptor.pl\/es\/domingo-ii-de-cuaresma\/","title":{"rendered":"II Domingo de Cuaresma"},"content":{"rendered":"<h1 style=\"text-align: center;\"><strong>Evangelio segun San Mateo<br \/>\n<\/strong><strong>(Mt 17, 1-9)<\/strong><\/h1>\n<h4>Seis d\u00edas despu\u00e9s, toma Jes\u00fas consigo a Pedro, a Santiago y a su hermano Juan, y los lleva<br \/>\naparte, a un monte alto.<br \/>\nY se transfigur\u00f3 delante de ellos: su rostro se puso brillante como el sol y sus vestidos se<br \/>\nvolvieron blancos como la luz.<br \/>\nEn esto, se les aparecieron Mois\u00e9s y El\u00edas que conversaban con \u00e9l.<br \/>\nTomando Pedro la palabra, dijo a Jes\u00fas: \u00abSe\u00f1or, bueno es estarnos aqu\u00ed. Si quieres, har\u00e9<br \/>\naqu\u00ed tres tiendas, una para ti, otra para Mois\u00e9s y otra para El\u00edas\u00bb.<br \/>\nTodav\u00eda estaba hablando, cuando una nube luminosa los cubri\u00f3 con su sombra y de la<br \/>\nnube sal\u00eda una voz que dec\u00eda: \u00abEste es mi Hijo amado, en quien me complazco;<br \/>\nescuchadle\u00bb.<br \/>\nAl o\u00edr esto los disc\u00edpulos cayeron rostro en tierra llenos de miedo.<br \/>\nMas Jes\u00fas, acerc\u00e1ndose a ellos, los toc\u00f3 y dijo: \u00abLevantaos, no teng\u00e1is miedo\u00bb.<br \/>\nEllos alzaron sus ojos y ya no vieron a nadie m\u00e1s que a Jes\u00fas solo.<br \/>\nY cuando bajaban del monte, Jes\u00fas les orden\u00f3: \u00abNo cont\u00e9is a nadie la visi\u00f3n hasta que el<br \/>\nHijo del hombre haya resucitado de entre los muertos\u00bb.<br \/>\nSus disc\u00edpulos le preguntaron: \u00ab\u00bfPor qu\u00e9, pues, dicen<\/h4>\n","protected":false},"excerpt":{"rendered":"<p>Evangelio segun San Mateo (Mt 17, 1-9) Seis d\u00edas despu\u00e9s, toma Jes\u00fas consigo a Pedro, a Santiago y a su hermano Juan, y los lleva aparte, a un monte alto. Y se transfigur\u00f3 delante de ellos: su rostro se puso brillante como el sol y sus vestidos se volvieron blancos como la luz. En esto, [&hellip;]<\/p>\n","protected":false},"author":2,"featured_media":1022,"comment_status":"closed","ping_status":"open","sticky":false,"template":"","format":"standard","meta":{"_acf_changed":false,"footnotes":""},"categories":[32],"tags":[],"class_list":["post-1031","post","type-post","status-publish","format-standard","has-post-thumbnail","hentry","category-palabra"],"acf":[],"_links":{"self":[{"href":"https:\/\/forworld.redemptor.pl\/es\/wp-json\/wp\/v2\/posts\/1031"}],"collection":[{"href":"https:\/\/forworld.redemptor.pl\/es\/wp-json\/wp\/v2\/posts"}],"about":[{"href":"https:\/\/forworld.redemptor.pl\/es\/wp-json\/wp\/v2\/types\/post"}],"author":[{"embeddable":true,"href":"https:\/\/forworld.redemptor.pl\/es\/wp-json\/wp\/v2\/users\/2"}],"replies":[{"embeddable":true,"href":"https:\/\/forworld.redemptor.pl\/es\/wp-json\/wp\/v2\/comments?post=1031"}],"version-history":[{"count":2,"href":"https:\/\/forworld.redemptor.pl\/es\/wp-json\/wp\/v2\/posts\/1031\/revisions"}],"predecessor-version":[{"id":1212,"href":"https:\/\/forworld.redemptor.pl\/es\/wp-json\/wp\/v2\/posts\/1031\/revisions\/1212"}],"wp:featuredmedia":[{"embeddable":true,"href":"https:\/\/forworld.redemptor.pl\/es\/wp-json\/wp\/v2\/media\/1022"}],"wp:attachment":[{"href":"https:\/\/forworld.redemptor.pl\/es\/wp-json\/wp\/v2\/media?parent=1031"}],"wp:term":[{"taxonomy":"category","embeddable":true,"href":"https:\/\/forworld.redemptor.pl\/es\/wp-json\/wp\/v2\/categories?post=1031"},{"taxonomy":"post_tag","embeddable":true,"href":"https:\/\/forworld.redemptor.pl\/es\/wp-json\/wp\/v2\/tags?post=1031"}],"curies":[{"name":"wp","href":"https:\/\/api.w.org\/{rel}","templated":true}]}}