{"id":77,"count":10,"description":"\u00a1Recorre con nosotros un \u201cPeque\u00f1o Camino\u201d!\r\nSe acerca octubre, por eso te invitamos a que lo comiences junto a la patrona de las misiones cat\u00f3licas: Santa Teresa del Ni\u00f1o Jes\u00fas.\r\n\u00bfDe qu\u00e9 se trata? Es una novena ins\u00f3lita de 9 v\u00eddeos, en los cuales una persona, que lucha con sus problemas y preguntas, se encuentra con las reflexiones de Santa Teresa sobre ese mismo tema, que ella incluy\u00f3 en su \u201cHistoria de un Alma\u201d y otras cartas. Comenzaremos ya ma\u00f1ana, 22 de septiembre. Durante 9 d\u00edas, cada d\u00eda, un breve v\u00eddeo. Finalizar\u00e1 el 1 de octubre en la festividad de santa Teresa.","link":"https:\/\/forworld.redemptor.pl\/es\/category\/extra\/pequeno-camino-es\/","name":"Peque\u00f1o camino","slug":"pequeno-camino-es","taxonomy":"category","parent":39,"meta":[],"acf":[],"_links":{"self":[{"href":"https:\/\/forworld.redemptor.pl\/es\/wp-json\/wp\/v2\/categories\/77"}],"collection":[{"href":"https:\/\/forworld.redemptor.pl\/es\/wp-json\/wp\/v2\/categories"}],"about":[{"href":"https:\/\/forworld.redemptor.pl\/es\/wp-json\/wp\/v2\/taxonomies\/category"}],"up":[{"embeddable":true,"href":"https:\/\/forworld.redemptor.pl\/es\/wp-json\/wp\/v2\/categories\/39"}],"wp:post_type":[{"href":"https:\/\/forworld.redemptor.pl\/es\/wp-json\/wp\/v2\/posts?categories=77"}],"curies":[{"name":"wp","href":"https:\/\/api.w.org\/{rel}","templated":true}]}}